{"id":241333,"date":"2025-05-29T00:09:45","date_gmt":"2025-05-28T22:09:45","guid":{"rendered":"https:\/\/www.messinaoggi.it\/website\/2025\/05\/29\/schlein-a-meloni-facciamo-una-legge-insieme-sul-femminicidio\/"},"modified":"2025-05-29T10:41:20","modified_gmt":"2025-05-29T08:41:20","slug":"schlein-a-meloni-facciamo-una-legge-insieme-sul-femminicidio","status":"publish","type":"post","link":"https:\/\/www.messinaoggi.it\/website\/2025\/05\/29\/schlein-a-meloni-facciamo-una-legge-insieme-sul-femminicidio\/","title":{"rendered":"Schlein a Meloni \u201cFacciamo una legge insieme sul femminicidio\u201d"},"content":{"rendered":"<div>ROMA (ITALPRESS) &#8211; &#8220;Martina Carbonaro aveva 14 anni, \u00e8 stata ammazzata a sassate dal suo ex che poi l&#8217;ha nascosta in un armadio ad Afragola. Non possiamo continuare ad assistere a questa mattanza quotidiana di donne e di ragazze. La violenza di genere va fermata. Il problema culturale di questo Paese \u00e8 che il patriarcato pervade la nostra societ\u00e0 ed ha attecchito anche tra i pi\u00f9 giovani. Per questo bisogna fare una grande battaglia culturale, educativa, che parta dalle scuole, altrimenti arriveremo sempre troppo tardi&#8221;. Cos\u00ec la segretaria del Pd, Elly Schlein, in un video pubblicato su Instragram. &#8220;Mi rivolgo una volta ancora alla presidente del Consiglio Giorgia Meloni: almeno su questo, almeno per il contrasto alla violenza di genere, mettiamo da parte lo scontro politico e proviamo a far fare un passo avanti al Paese&#8221;, aggiunge. &#8220;Abbiamo lavorato sulla repressione, ma non basta, serve la prevenzione. Dobbiamo fare una legge subito che introduca l&#8217;educazione al rispetto e alle differenze, obbligatoria in tutte le scuole d&#8217;Italia, in tutti i cicli scolastici. Solo cos\u00ec interverremo prima che si radichi quell&#8217;idea violenta e criminale di un diritto al possesso sul corpo della donna, sulla vita della donna. Mettiamoci a un tavolo subito e discutiamo, perch\u00e8 non possiamo continuare ad assistere a questa strage quotidiana&#8221;, conclude Schlein.<br \/>(ITALPRESS).<br \/>-Foto: Ipa Agency-<\/div>\n<div id=\"div-gpt-ad-Messinaoggi.it-DSK-300x250-corpoart\" style=\"text-align:center;margin:0 auto;\"><\/div><\/p><div id=\"videoincontent\" style=\"clear:both\";><\/div>","protected":false},"excerpt":{"rendered":"<p>ROMA (ITALPRESS) &#8211; &#8220;Martina Carbonaro aveva 14 anni, \u00e8 stata ammazzata a sassate dal suo ex che poi l&#8217;ha nascosta in un armadio ad Afragola. Non possiamo continuare ad assistere a questa mattanza quotidiana di donne e di ragazze. La violenza di genere va fermata. Il problema culturale di questo Paese \u00e8 che il patriarcato [&hellip;]<\/p>\n","protected":false},"author":18,"featured_media":241334,"comment_status":"closed","ping_status":"closed","sticky":false,"template":"","format":"standard","meta":{"ub_ctt_via":"","_mi_skip_tracking":false},"categories":[446,4],"tags":[783],"featured_image_src":"https:\/\/www.messinaoggi.it\/website\/wp-content\/uploads\/2025\/05\/20250528_2947.jpg","author_info":{"display_name":"Admin","author_link":"https:\/\/www.messinaoggi.it\/website\/author\/admin\/"},"digistream_id":0,"digistream":false,"_links":{"self":[{"href":"https:\/\/www.messinaoggi.it\/website\/wp-json\/wp\/v2\/posts\/241333"}],"collection":[{"href":"https:\/\/www.messinaoggi.it\/website\/wp-json\/wp\/v2\/posts"}],"about":[{"href":"https:\/\/www.messinaoggi.it\/website\/wp-json\/wp\/v2\/types\/post"}],"author":[{"embeddable":true,"href":"https:\/\/www.messinaoggi.it\/website\/wp-json\/wp\/v2\/users\/18"}],"replies":[{"embeddable":true,"href":"https:\/\/www.messinaoggi.it\/website\/wp-json\/wp\/v2\/comments?post=241333"}],"version-history":[{"count":1,"href":"https:\/\/www.messinaoggi.it\/website\/wp-json\/wp\/v2\/posts\/241333\/revisions"}],"predecessor-version":[{"id":241343,"href":"https:\/\/www.messinaoggi.it\/website\/wp-json\/wp\/v2\/posts\/241333\/revisions\/241343"}],"wp:featuredmedia":[{"embeddable":true,"href":"https:\/\/www.messinaoggi.it\/website\/wp-json\/wp\/v2\/media\/241334"}],"wp:attachment":[{"href":"https:\/\/www.messinaoggi.it\/website\/wp-json\/wp\/v2\/media?parent=241333"}],"wp:term":[{"taxonomy":"category","embeddable":true,"href":"https:\/\/www.messinaoggi.it\/website\/wp-json\/wp\/v2\/categories?post=241333"},{"taxonomy":"post_tag","embeddable":true,"href":"https:\/\/www.messinaoggi.it\/website\/wp-json\/wp\/v2\/tags?post=241333"}],"curies":[{"name":"wp","href":"https:\/\/api.w.org\/{rel}","templated":true}]}}