{"id":241311,"date":"2025-05-28T20:07:14","date_gmt":"2025-05-28T18:07:14","guid":{"rendered":"https:\/\/www.messinaoggi.it\/website\/2025\/05\/28\/consorzio-a-re-l-rinnovato-il-cda-michele-comparetto-resta-presidente\/"},"modified":"2025-05-28T20:07:14","modified_gmt":"2025-05-28T18:07:14","slug":"consorzio-a-re-l-rinnovato-il-cda-michele-comparetto-resta-presidente","status":"publish","type":"post","link":"https:\/\/www.messinaoggi.it\/website\/2025\/05\/28\/consorzio-a-re-l-rinnovato-il-cda-michele-comparetto-resta-presidente\/","title":{"rendered":"Consorzio A.RE.L., rinnovato il CdA. Michele Comparetto resta presidente"},"content":{"rendered":"<div>ROMA (ITALPRESS) &#8211; Il Consorzio A.RE.L., realt\u00e0 rappresentativa degli operatori privati del settore postale, rinnova il CdA e approva all&#8217;unanimit\u00e0 il bilancio consuntivo 2024 e previsionale 2025, &#8220;confermando solidit\u00e0 e trasparenza gestionale&#8221;, come si legge in una nota. Michele Comparetto (Fulmine Group) \u00e8 stato riconfermato Presidente; nel nuovo CdA Enrico Cal\u00ec, Antonio Marino, Giovanni Capparelli e Renato Peditto. Istituito anche un executive board, un team strategico che affiancher\u00e0 il CdA per affrontare con maggiore efficacia le sfide del mercato.<br \/>&#8220;A.RE.L. rafforza cos\u00ec il proprio impegno per la crescita del Consorzio a difesa della competitivit\u00e0 e per il dialogo con le istituzioni nell&#8217;ambito del settore postale&#8221;, conclude la nota.<div id=\"div-gpt-ad-Messinaoggi.it-DSK-300x250-corpoart\" style=\"text-align:center;margin:0 auto;\"><\/div><\/p>\n<p>&#8211; foto Tamaco s.r.l. &#8211;<br \/>(ITALPRESS).<\/div>\n<div id=\"videoincontent\" style=\"clear:both\";><\/div>","protected":false},"excerpt":{"rendered":"<p>ROMA (ITALPRESS) &#8211; Il Consorzio A.RE.L., realt\u00e0 rappresentativa degli operatori privati del settore postale, rinnova il CdA e approva all&#8217;unanimit\u00e0 il bilancio consuntivo 2024 e previsionale 2025, &#8220;confermando solidit\u00e0 e trasparenza gestionale&#8221;, come si legge in una nota. Michele Comparetto (Fulmine Group) \u00e8 stato riconfermato Presidente; nel nuovo CdA Enrico Cal\u00ec, Antonio Marino, Giovanni Capparelli [&hellip;]<\/p>\n","protected":false},"author":18,"featured_media":241312,"comment_status":"closed","ping_status":"closed","sticky":false,"template":"","format":"standard","meta":{"ub_ctt_via":"","_mi_skip_tracking":false},"categories":[446],"tags":[783],"featured_image_src":"https:\/\/www.messinaoggi.it\/website\/wp-content\/uploads\/2025\/05\/20250528_2365.jpg","author_info":{"display_name":"Admin","author_link":"https:\/\/www.messinaoggi.it\/website\/author\/admin\/"},"digistream_id":0,"digistream":false,"_links":{"self":[{"href":"https:\/\/www.messinaoggi.it\/website\/wp-json\/wp\/v2\/posts\/241311"}],"collection":[{"href":"https:\/\/www.messinaoggi.it\/website\/wp-json\/wp\/v2\/posts"}],"about":[{"href":"https:\/\/www.messinaoggi.it\/website\/wp-json\/wp\/v2\/types\/post"}],"author":[{"embeddable":true,"href":"https:\/\/www.messinaoggi.it\/website\/wp-json\/wp\/v2\/users\/18"}],"replies":[{"embeddable":true,"href":"https:\/\/www.messinaoggi.it\/website\/wp-json\/wp\/v2\/comments?post=241311"}],"version-history":[{"count":0,"href":"https:\/\/www.messinaoggi.it\/website\/wp-json\/wp\/v2\/posts\/241311\/revisions"}],"wp:featuredmedia":[{"embeddable":true,"href":"https:\/\/www.messinaoggi.it\/website\/wp-json\/wp\/v2\/media\/241312"}],"wp:attachment":[{"href":"https:\/\/www.messinaoggi.it\/website\/wp-json\/wp\/v2\/media?parent=241311"}],"wp:term":[{"taxonomy":"category","embeddable":true,"href":"https:\/\/www.messinaoggi.it\/website\/wp-json\/wp\/v2\/categories?post=241311"},{"taxonomy":"post_tag","embeddable":true,"href":"https:\/\/www.messinaoggi.it\/website\/wp-json\/wp\/v2\/tags?post=241311"}],"curies":[{"name":"wp","href":"https:\/\/api.w.org\/{rel}","templated":true}]}}