{"id":24130,"date":"2018-09-10T15:24:42","date_gmt":"2018-09-10T13:24:42","guid":{"rendered":"http:\/\/www.messinaoggi.it\/website\/?p=24130"},"modified":"2018-09-10T15:24:42","modified_gmt":"2018-09-10T13:24:42","slug":"federcasa-burrascano-nuovo-responsabile-per-la-citta-metropolitana-pronti-ad-aprire-uno-sportello-comunale-per-il-risanamento","status":"publish","type":"post","link":"https:\/\/www.messinaoggi.it\/website\/2018\/09\/10\/federcasa-burrascano-nuovo-responsabile-per-la-citta-metropolitana-pronti-ad-aprire-uno-sportello-comunale-per-il-risanamento\/","title":{"rendered":"Federcasa, Burrascano nuovo responsabile per la Citt\u00e0 Metropolitana: &quot;Pronti ad aprire uno sportello comunale per il risanamento&quot;"},"content":{"rendered":"<p style=\"text-align: justify\">E\u2019 Angelo Burrascano il nuovo responsabile della Citt\u00e0 Metropolitana di Federcasa. Una nomina arrivata qualche giorno fa, ma che potrebbe incidere su uno degli argomenti caldi di queste ultime settimane: il risanamento. Burrascano, negli ultimi dieci anni ha occupato gli scranni del Consiglio Comunale, mancando la riconferma per poche decine di voti il 10 giugno scorso, quando si era ricandidato tra le fila del Partito Democratico.<div id=\"div-gpt-ad-Messinaoggi.it-DSK-300x250-corpoart\" style=\"text-align:center;margin:0 auto;\"><\/div><\/p>\n<p style=\"text-align: justify\">Tornando al tema dell\u2019incontro, gi\u00e0 qualche giorno fa l\u2019ex consigliere comunale ha incontrato al ramo, Alessandra Calafiore, aprendo le porte alla creazione di uno sportello per il risanamento all\u2019interno di Palazzo Zanca: <em>\u201cE\u2019 una nomina importante che mi lusinga, la Federcasa \u00e8 una realt\u00e0 in crescita sul territorio ma il mio ruolo abbraccer\u00e0 tutto il territorio messinese. Vogliamo recitare un ruolo importante per il tema del risanamento, per questo motivo ho dato massima disponibilit\u00e0 all\u2019assessore Calafiore affinch\u00e8 si crei questo sportello comunale che sia da supporto ai cittadini che ne hanno bisogno\u201d.<\/em><div id=\"videoincontent\" style=\"clear:both\";><\/div><\/p>\n","protected":false},"excerpt":{"rendered":"<p>E\u2019 Angelo Burrascano il nuovo responsabile della Citt\u00e0 Metropolitana di Federcasa. Una nomina arrivata qualche giorno fa, ma che potrebbe incidere su uno degli argomenti caldi di queste ultime settimane: il risanamento. Burrascano, negli ultimi dieci anni ha occupato gli scranni del Consiglio Comunale, mancando la riconferma per poche decine di voti il 10 giugno [&hellip;]<\/p>\n","protected":false},"author":14,"featured_media":12293,"comment_status":"closed","ping_status":"open","sticky":false,"template":"","format":"standard","meta":{"ub_ctt_via":"","_mi_skip_tracking":false},"categories":[4],"tags":[],"featured_image_src":"https:\/\/www.messinaoggi.it\/website\/wp-content\/uploads\/2017\/12\/burrascano.jpg","author_info":{"display_name":"Antonio Macauda","author_link":"https:\/\/www.messinaoggi.it\/website\/author\/a-macauda\/"},"digistream_id":0,"digistream":false,"_links":{"self":[{"href":"https:\/\/www.messinaoggi.it\/website\/wp-json\/wp\/v2\/posts\/24130"}],"collection":[{"href":"https:\/\/www.messinaoggi.it\/website\/wp-json\/wp\/v2\/posts"}],"about":[{"href":"https:\/\/www.messinaoggi.it\/website\/wp-json\/wp\/v2\/types\/post"}],"author":[{"embeddable":true,"href":"https:\/\/www.messinaoggi.it\/website\/wp-json\/wp\/v2\/users\/14"}],"replies":[{"embeddable":true,"href":"https:\/\/www.messinaoggi.it\/website\/wp-json\/wp\/v2\/comments?post=24130"}],"version-history":[{"count":0,"href":"https:\/\/www.messinaoggi.it\/website\/wp-json\/wp\/v2\/posts\/24130\/revisions"}],"wp:featuredmedia":[{"embeddable":true,"href":"https:\/\/www.messinaoggi.it\/website\/wp-json\/wp\/v2\/media\/12293"}],"wp:attachment":[{"href":"https:\/\/www.messinaoggi.it\/website\/wp-json\/wp\/v2\/media?parent=24130"}],"wp:term":[{"taxonomy":"category","embeddable":true,"href":"https:\/\/www.messinaoggi.it\/website\/wp-json\/wp\/v2\/categories?post=24130"},{"taxonomy":"post_tag","embeddable":true,"href":"https:\/\/www.messinaoggi.it\/website\/wp-json\/wp\/v2\/tags?post=24130"}],"curies":[{"name":"wp","href":"https:\/\/api.w.org\/{rel}","templated":true}]}}