{"id":241246,"date":"2025-05-28T17:48:37","date_gmt":"2025-05-28T15:48:37","guid":{"rendered":"https:\/\/www.messinaoggi.it\/website\/2025\/05\/28\/schifani-sicilia-protagonista-della-crescita-del-sud-premiato-il-lavoro-svolto\/"},"modified":"2025-05-28T18:23:59","modified_gmt":"2025-05-28T16:23:59","slug":"schifani-sicilia-protagonista-della-crescita-del-sud-premiato-il-lavoro-svolto","status":"publish","type":"post","link":"https:\/\/www.messinaoggi.it\/website\/2025\/05\/28\/schifani-sicilia-protagonista-della-crescita-del-sud-premiato-il-lavoro-svolto\/","title":{"rendered":"Schifani \u201cSicilia protagonista della crescita del sud, premiato il lavoro svolto\u201d"},"content":{"rendered":"<div>\n<p>PALERMO (ITALPRESS) \u2013 <em>\u201cI dati diffusi dall\u2019Istat rappresentano una conferma importante dell\u2019efficacia delle politiche messe in campo dal mio governo. La nostra Isola, insieme all\u2019Abruzzo, registra la crescita del Pil pi\u00f9 alta d\u2019Italia nel 2023, pari al +2,1%, il doppio rispetto alla media nazionale. \u00c8 un risultato che ci rende orgogliosi e che testimonia come il Mezzogiorno, e in particolare la Sicilia, stiano tornando ad essere motori attivi dell\u2019economia italiana\u201d.<\/em><div id=\"div-gpt-ad-Messinaoggi.it-DSK-300x250-corpoart\" style=\"text-align:center;margin:0 auto;\"><\/div><\/p>\n<p>Lo dichiara il presidente della <strong>Regione Siciliana Renato<\/strong> <strong>Schifani<\/strong>, commentando i dati diffusi oggi da Stefano Menghinello, direttore del Dipartimento per le statistiche economiche, ambientali e conti nazionali dell\u2019Istat, nel corso di un\u2019audizione parlamentare sul federalismo fiscale.<div id=\"videoincontent\" style=\"clear:both\";><\/div><\/p>\n<p><em>\u201cQuesto traguardo<\/em> \u2013 prosegue <strong>Schifani<\/strong> \u2013 <em>non \u00e8 frutto del caso, ma il risultato di una strategia mirata a valorizzare le risorse del territorio, a sostenere le imprese, attrarre investimenti e migliorare le infrastrutture. Siamo consapevoli, comunque, che permangono ampi divari, soprattutto in termini di reddito pro-capite, ma questo dato dimostra che siamo sulla strada giusta. Continueremo a lavorare con determinazione per rendere strutturale questa crescita, puntando su innovazione, lavoro, sostenibilit\u00e0 e coesione sociale. Il nostro obiettivo resta quello di costruire una Sicilia pi\u00f9 moderna, pi\u00f9 giusta e pi\u00f9 competitiva\u201d<\/em>.<\/p>\n<p>\u2013 Foto IPA Agency \u2013<\/p>\n<p>(ITALPRESS)<\/p>\n<\/div>\n","protected":false},"excerpt":{"rendered":"<p>PALERMO (ITALPRESS) \u2013 \u201cI dati diffusi dall\u2019Istat rappresentano una conferma importante dell\u2019efficacia delle politiche messe in campo dal mio governo. La nostra Isola, insieme all\u2019Abruzzo, registra la crescita del Pil pi\u00f9 alta d\u2019Italia nel 2023, pari al +2,1%, il doppio rispetto alla media nazionale. \u00c8 un risultato che ci rende orgogliosi e che testimonia come [&hellip;]<\/p>\n","protected":false},"author":18,"featured_media":241247,"comment_status":"closed","ping_status":"closed","sticky":false,"template":"","format":"standard","meta":{"ub_ctt_via":"","_mi_skip_tracking":false},"categories":[19,2449],"tags":[783],"featured_image_src":"https:\/\/www.messinaoggi.it\/website\/wp-content\/uploads\/2025\/05\/20240731_2986.jpg","author_info":{"display_name":"Admin","author_link":"https:\/\/www.messinaoggi.it\/website\/author\/admin\/"},"digistream_id":0,"digistream":false,"_links":{"self":[{"href":"https:\/\/www.messinaoggi.it\/website\/wp-json\/wp\/v2\/posts\/241246"}],"collection":[{"href":"https:\/\/www.messinaoggi.it\/website\/wp-json\/wp\/v2\/posts"}],"about":[{"href":"https:\/\/www.messinaoggi.it\/website\/wp-json\/wp\/v2\/types\/post"}],"author":[{"embeddable":true,"href":"https:\/\/www.messinaoggi.it\/website\/wp-json\/wp\/v2\/users\/18"}],"replies":[{"embeddable":true,"href":"https:\/\/www.messinaoggi.it\/website\/wp-json\/wp\/v2\/comments?post=241246"}],"version-history":[{"count":1,"href":"https:\/\/www.messinaoggi.it\/website\/wp-json\/wp\/v2\/posts\/241246\/revisions"}],"predecessor-version":[{"id":241299,"href":"https:\/\/www.messinaoggi.it\/website\/wp-json\/wp\/v2\/posts\/241246\/revisions\/241299"}],"wp:featuredmedia":[{"embeddable":true,"href":"https:\/\/www.messinaoggi.it\/website\/wp-json\/wp\/v2\/media\/241247"}],"wp:attachment":[{"href":"https:\/\/www.messinaoggi.it\/website\/wp-json\/wp\/v2\/media?parent=241246"}],"wp:term":[{"taxonomy":"category","embeddable":true,"href":"https:\/\/www.messinaoggi.it\/website\/wp-json\/wp\/v2\/categories?post=241246"},{"taxonomy":"post_tag","embeddable":true,"href":"https:\/\/www.messinaoggi.it\/website\/wp-json\/wp\/v2\/tags?post=241246"}],"curies":[{"name":"wp","href":"https:\/\/api.w.org\/{rel}","templated":true}]}}