{"id":241218,"date":"2025-05-28T14:08:38","date_gmt":"2025-05-28T12:08:38","guid":{"rendered":"https:\/\/www.messinaoggi.it\/website\/2025\/05\/28\/gaza-tajani-israele-si-fermi-immediatamente\/"},"modified":"2025-05-28T14:08:38","modified_gmt":"2025-05-28T12:08:38","slug":"gaza-tajani-israele-si-fermi-immediatamente","status":"publish","type":"post","link":"https:\/\/www.messinaoggi.it\/website\/2025\/05\/28\/gaza-tajani-israele-si-fermi-immediatamente\/","title":{"rendered":"Gaza, Tajani \u201cIsraele si fermi immediatamente\u201d"},"content":{"rendered":"<div>ROMA (ITALPRESS) &#8211; &#8220;La striscia di Gaza da oltre un anno e mezzo restituisce immagini di distruzione e sofferenza, quanto avviene suscita dolore immenso e indigna le nostre coscienze, la popolazione da troppo tempo sta pagando un prezzo altissimo&#8221;. Cos\u00ec il vicepremier e ministro degli Esteri, Antonio Tajani, nel corso di un&#8217;informativa urgente alla Camera sulla situazione a Gaza.<br \/>&#8220;La reazione legittima del governo di Israele al terribile atto terroristico sta assumendo forme drammatiche e inaccettabili. Chiediamo a Israele di fermarsi immediatamente. Devono finire i bombardamenti, l&#8217;assistenza umanitaria deve riprendere, il rispetto del diritto internazionale deve essere rispettato&#8221;, ha aggiunto Tajani.<br \/>&#8220;Chi dice che il governo sta ignorando la Striscia di Gaza offende la verit\u00e0&#8221;, ha sottolineato. &#8220;Con Food for Gaza abbiamo fatto arrivare da marzo dello scorso anno abbiamo fatto arrivare nella Striscia oltre 110 tonnellate di aiuti alimentari, sanitari e beni di prima necessit\u00e0. Il nostro \u00e8 anche tra i principali governi occidentali ad aver organizzato evacuazioni da Gaza, abbiamo consentito a oltre 700 persone di lasciare la Striscia. In queste ore stiamo portando a termine una nuova evacuazione di 31 palestinesi. Le nostre ambasciate stanno lavorando con la Croce Rossa per concludere con successo questa operazione gi\u00e0 nelle prossime ore&#8221;.<br \/>&#8220;Hamas deve liberare gli ostaggi che ancora oggi sono nelle sue mani e che hanno il diritto di tornare nelle loro case&#8221;, \u00e8 l&#8217;appello di Tajani. &#8220;Ho incontrato pi\u00f9 volte i parenti degli ostaggi, a loro va la solidariet\u00e0 del governo e di tutto il Paese&#8221;, ha aggiunto.<br \/>Per Tajani &#8220;l&#8217;unica prospettiva possibile per la pace resta l&#8217;avvio di un processo politico che porta a due Stati che convivono in pace e sicurezza. Queste sono le priorit\u00e0 del governo a cui stiamo lavorando con un&#8217;azione a 360 gradi. E&#8217; l&#8217;unica soluzione in grado di garantire il rispetto e la dignit\u00e0 dei diritti delle due popolazioni&#8221;.<br \/>&#8220;L&#8217;espulsione dei palestinesi da Gaza non \u00e8 e non sar\u00e0 mai un&#8217;opzione accettabile. Per questo sosteniamo il piano arabo a guida egiziana che \u00e8 incompatibile con qualsiasi ipotesi di sfollamento forzato&#8221;, ha precisato.<br \/>&#8220;Preoccupano i rigurgiti di antisemitismo a cui abbiamo assistito nei mesi scorsi e a cui continuiamo ad assistere. non si possono far ricadere sugli ebrei le azioni del governo israeliano, mai pi\u00f9 nessuno dovr\u00e0 avere paura soltanto perch\u00e8 ebreo&#8221;, ha ammonito. &#8220;Il virus dell&#8217;antisemitismo non deve avere diritto cittadinanza nostra societ\u00e0 &#8211; ha aggiunto -. Come diciamo ad Israele di fermarsi, allo stesso modo dico anche a chi fomenta antisemitismo dico: fermatevi, fermatevi subito&#8221;.<br \/>Il vicepremier ha ricordato gli &#8220;incredibili insulti antisemiti&#8221; rivolti a Liliana Segre, e l&#8217;Aula della Camera ha tributato un lungo applauso alla senatrice a vita.<br \/>Prima dell&#8217;informativa urgente alla Camera, Tajani ha anche chiesto un minuto di silenzio per rendere omaggio alle vittime israeliane e palestinesi.<div id=\"div-gpt-ad-Messinaoggi.it-DSK-300x250-corpoart\" style=\"text-align:center;margin:0 auto;\"><\/div><\/p>\n<p>&#8211; Foto IPA Agency &#8211;<div id=\"videoincontent\" style=\"clear:both\";><\/div><\/p>\n<p>(ITALPRESS).<\/p><\/div>\n","protected":false},"excerpt":{"rendered":"<p>ROMA (ITALPRESS) &#8211; &#8220;La striscia di Gaza da oltre un anno e mezzo restituisce immagini di distruzione e sofferenza, quanto avviene suscita dolore immenso e indigna le nostre coscienze, la popolazione da troppo tempo sta pagando un prezzo altissimo&#8221;. Cos\u00ec il vicepremier e ministro degli Esteri, Antonio Tajani, nel corso di un&#8217;informativa urgente alla Camera [&hellip;]<\/p>\n","protected":false},"author":18,"featured_media":241219,"comment_status":"closed","ping_status":"closed","sticky":false,"template":"","format":"standard","meta":{"ub_ctt_via":"","_mi_skip_tracking":false},"categories":[446],"tags":[783],"featured_image_src":"https:\/\/www.messinaoggi.it\/website\/wp-content\/uploads\/2025\/05\/20250528_0259.jpg","author_info":{"display_name":"Admin","author_link":"https:\/\/www.messinaoggi.it\/website\/author\/admin\/"},"digistream_id":0,"digistream":false,"_links":{"self":[{"href":"https:\/\/www.messinaoggi.it\/website\/wp-json\/wp\/v2\/posts\/241218"}],"collection":[{"href":"https:\/\/www.messinaoggi.it\/website\/wp-json\/wp\/v2\/posts"}],"about":[{"href":"https:\/\/www.messinaoggi.it\/website\/wp-json\/wp\/v2\/types\/post"}],"author":[{"embeddable":true,"href":"https:\/\/www.messinaoggi.it\/website\/wp-json\/wp\/v2\/users\/18"}],"replies":[{"embeddable":true,"href":"https:\/\/www.messinaoggi.it\/website\/wp-json\/wp\/v2\/comments?post=241218"}],"version-history":[{"count":0,"href":"https:\/\/www.messinaoggi.it\/website\/wp-json\/wp\/v2\/posts\/241218\/revisions"}],"wp:featuredmedia":[{"embeddable":true,"href":"https:\/\/www.messinaoggi.it\/website\/wp-json\/wp\/v2\/media\/241219"}],"wp:attachment":[{"href":"https:\/\/www.messinaoggi.it\/website\/wp-json\/wp\/v2\/media?parent=241218"}],"wp:term":[{"taxonomy":"category","embeddable":true,"href":"https:\/\/www.messinaoggi.it\/website\/wp-json\/wp\/v2\/categories?post=241218"},{"taxonomy":"post_tag","embeddable":true,"href":"https:\/\/www.messinaoggi.it\/website\/wp-json\/wp\/v2\/tags?post=241218"}],"curies":[{"name":"wp","href":"https:\/\/api.w.org\/{rel}","templated":true}]}}