{"id":241214,"date":"2025-05-28T12:08:35","date_gmt":"2025-05-28T10:08:35","guid":{"rendered":"https:\/\/www.messinaoggi.it\/website\/2025\/05\/28\/piazza-della-loggia-mattarella-la-democrazia-ha-vinto-sugli-stragisti\/"},"modified":"2025-05-28T12:08:35","modified_gmt":"2025-05-28T10:08:35","slug":"piazza-della-loggia-mattarella-la-democrazia-ha-vinto-sugli-stragisti","status":"publish","type":"post","link":"https:\/\/www.messinaoggi.it\/website\/2025\/05\/28\/piazza-della-loggia-mattarella-la-democrazia-ha-vinto-sugli-stragisti\/","title":{"rendered":"Piazza della Loggia, Mattarella \u201cLa democrazia ha vinto sugli stragisti\u201d"},"content":{"rendered":"<div>ROMA (ITALPRESS) &#8211; <em>&#8220;L&#8217;attentato terroristico che il 28 maggio di cinquantuno anni or sono colp\u00ec il cuore di Brescia aveva come obiettivo la destabilizzazione della Repubblica, l&#8217;indebolimento della democrazia, l&#8217;attacco alle conquiste sociali. <\/em><em>Alla memoria delle vittime, allo strazio dei loro familiari e amici, si rivolge il primo dei pensieri, con i pi\u00f9 intensi sentimenti di cordoglio&#8221;.<\/em> Lo afferma il <strong>presidente<\/strong> della <strong>Repubblica,<\/strong> Sergio <strong>Mattarella,<\/strong> in occasione dell&#8217;anniversario della <strong>strage di Piazza della Loggia.<\/strong><div id=\"div-gpt-ad-Messinaoggi.it-DSK-300x250-corpoart\" style=\"text-align:center;margin:0 auto;\"><\/div><\/p>\n<p><em>&#8220;La solidariet\u00e0 che ci unisce nel ricordo alimenta una comunit\u00e0 di persone libere. La bomba di Piazza della Loggia, e la strategia eversiva nella quale era inserita, sono state la negazione violenta di questi valori<\/em> &#8211; aggiunge Mattarella -.<em> La Citt\u00e0 di Brescia ha reagito con fermezza e coraggio. Le istituzioni democratiche, le parti politiche, sindacali e sociali sono state capaci di una risposta unita in difesa della nostra Costituzione, che la catena nera dell&#8217;eversione voleva aggredire. <\/em><em>Vincere i terrorismi di quel decennio e sventare i piani eversivi \u00e8 stato un percorso difficile e travagliato, pagato con il sangue da tanti innocenti&#8221;.<\/em><div id=\"videoincontent\" style=\"clear:both\";><\/div><\/p>\n<p><em>&#8220;Le risorse morali e civili di chi si \u00e8 battuto dalla parte della libert\u00e0 e della democrazia hanno prevalso sugli stragisti, i conniventi e i loro complici. E la giustizia, sia pure con ritardo rispetto alle angosciose attese, ora \u00e8 giunta a una prima sentenza anche sugli esecutori materiali. La verit\u00e0 \u00e8 un contributo prezioso alla vita democratica e una spinta significativa \u00e8 giunta costantemente dall&#8217;associazione dei familiari delle vittime. Verso di essi la Repubblica esprime gratitudine, confidando che una testimonianza cos\u00ec importante raggiunga le generazioni pi\u00f9 giovani&#8221;<\/em>, conclude il capo dello Stato.<\/p>\n<p>&#8211; Foto ufficio stampa Quirinale &#8211;<\/p>\n<p>(ITALPRESS).<\/p><\/div>\n","protected":false},"excerpt":{"rendered":"<p>ROMA (ITALPRESS) &#8211; &#8220;L&#8217;attentato terroristico che il 28 maggio di cinquantuno anni or sono colp\u00ec il cuore di Brescia aveva come obiettivo la destabilizzazione della Repubblica, l&#8217;indebolimento della democrazia, l&#8217;attacco alle conquiste sociali. Alla memoria delle vittime, allo strazio dei loro familiari e amici, si rivolge il primo dei pensieri, con i pi\u00f9 intensi sentimenti [&hellip;]<\/p>\n","protected":false},"author":18,"featured_media":241215,"comment_status":"closed","ping_status":"closed","sticky":false,"template":"","format":"standard","meta":{"ub_ctt_via":"","_mi_skip_tracking":false},"categories":[446],"tags":[783],"featured_image_src":"https:\/\/www.messinaoggi.it\/website\/wp-content\/uploads\/2025\/05\/20250528_0189.jpg","author_info":{"display_name":"Admin","author_link":"https:\/\/www.messinaoggi.it\/website\/author\/admin\/"},"digistream_id":0,"digistream":false,"_links":{"self":[{"href":"https:\/\/www.messinaoggi.it\/website\/wp-json\/wp\/v2\/posts\/241214"}],"collection":[{"href":"https:\/\/www.messinaoggi.it\/website\/wp-json\/wp\/v2\/posts"}],"about":[{"href":"https:\/\/www.messinaoggi.it\/website\/wp-json\/wp\/v2\/types\/post"}],"author":[{"embeddable":true,"href":"https:\/\/www.messinaoggi.it\/website\/wp-json\/wp\/v2\/users\/18"}],"replies":[{"embeddable":true,"href":"https:\/\/www.messinaoggi.it\/website\/wp-json\/wp\/v2\/comments?post=241214"}],"version-history":[{"count":0,"href":"https:\/\/www.messinaoggi.it\/website\/wp-json\/wp\/v2\/posts\/241214\/revisions"}],"wp:featuredmedia":[{"embeddable":true,"href":"https:\/\/www.messinaoggi.it\/website\/wp-json\/wp\/v2\/media\/241215"}],"wp:attachment":[{"href":"https:\/\/www.messinaoggi.it\/website\/wp-json\/wp\/v2\/media?parent=241214"}],"wp:term":[{"taxonomy":"category","embeddable":true,"href":"https:\/\/www.messinaoggi.it\/website\/wp-json\/wp\/v2\/categories?post=241214"},{"taxonomy":"post_tag","embeddable":true,"href":"https:\/\/www.messinaoggi.it\/website\/wp-json\/wp\/v2\/tags?post=241214"}],"curies":[{"name":"wp","href":"https:\/\/api.w.org\/{rel}","templated":true}]}}