{"id":241212,"date":"2025-05-28T12:08:33","date_gmt":"2025-05-28T10:08:33","guid":{"rendered":"https:\/\/www.messinaoggi.it\/website\/2025\/05\/28\/giustizia-nordio-il-caso-garlasco-sara-comunque-una-sconfitta\/"},"modified":"2025-05-28T12:08:33","modified_gmt":"2025-05-28T10:08:33","slug":"giustizia-nordio-il-caso-garlasco-sara-comunque-una-sconfitta","status":"publish","type":"post","link":"https:\/\/www.messinaoggi.it\/website\/2025\/05\/28\/giustizia-nordio-il-caso-garlasco-sara-comunque-una-sconfitta\/","title":{"rendered":"Giustizia, Nordio \u201cIl caso Garlasco sar\u00e0 comunque una sconfitta\u201d"},"content":{"rendered":"<div>ROMA (ITALPRESS) &#8211; <em>&#8220;Il caso Garlasco? Comunque vada, finir\u00e0 male&#8221;<\/em>. Lo afferma il ministro della Giustizia, Carlo <strong>Nordio,<\/strong> in un&#8217;intervista al <strong><em>Corriere della Sera.<\/em><\/strong><br \/>\n<em>&#8220;O il detenuto \u00e8 innocente, e allora ha sofferto una pena atroce ingiustamente. O \u00e8 colpevole e allora \u00e8 l&#8217;attuale indagato a dover affrontare senza colpe un cimento doloroso, costoso in termini di immagine, di spese e di sofferenze&#8221;<\/em>, sottolinea il Guardasigilli.<br \/>\n<em>&#8220;Nel merito non devo, non posso e non voglio entrare&#8221;<\/em>, spiega Nordio, che per\u00f2 ribadisce <em>&#8220;un principio generale: dopo un proscioglimento \u00e8 irragionevole una condanna. Soprattutto se le assoluzioni sono due. Come puoi condannare &#8220;al di l\u00e0 di ogni ragionevole dubbio&#8221;, se due giudici hanno gi\u00e0 dubitato?&#8221;.<\/em><div id=\"div-gpt-ad-Messinaoggi.it-DSK-300x250-corpoart\" style=\"text-align:center;margin:0 auto;\"><\/div><\/p>\n<p><em>&#8220;Con il sistema attuale sottrai all&#8217;imputato il diritto a un doppio giudizio di merito. Se il tribunale assolve e la corte condanna, puoi solo ricorrere per Cassazione per motivi di legittimit\u00e0. E il secondo giudizio di merito, colpevolezza o meno, va a farsi benedire&#8221;,<\/em> prosegue il ministro, per il quale <em>&#8220;l&#8217;Anm non risponde a queste obiezioni. Si esprime per slogan. E mi dispiace&#8221;.<\/em><div id=\"videoincontent\" style=\"clear:both\";><\/div><\/p>\n<p>La Consulta aveva bocciato la legge Pecorella sull&#8217;inappellabilit\u00e0<em>. &#8220;Ci abbiamo gi\u00e0 ripensato con la riforma introdotta due anni fa, per i reati minori. La separazione delle carriere \u00e8 prodromica<\/em> &#8211; prosegue Nordio -.<em> La riforma costituzionale, proprio perch\u00e8 intende attuare il processo accusatorio anglosassone, \u00e8 prodromica a un codice di procedura penale dove sar\u00e0 rivisto anche il sistema delle impugnazioni. Stiamo gi\u00e0 studiando ma naturalmente aspettiamo l&#8217;esito del referendum&#8221;.<\/em><\/p>\n<p>&#8211; Foto IPA Agency &#8211;<\/p>\n<p>(ITALPRESS).<\/p><\/div>\n","protected":false},"excerpt":{"rendered":"<p>ROMA (ITALPRESS) &#8211; &#8220;Il caso Garlasco? Comunque vada, finir\u00e0 male&#8221;. Lo afferma il ministro della Giustizia, Carlo Nordio, in un&#8217;intervista al Corriere della Sera. &#8220;O il detenuto \u00e8 innocente, e allora ha sofferto una pena atroce ingiustamente. O \u00e8 colpevole e allora \u00e8 l&#8217;attuale indagato a dover affrontare senza colpe un cimento doloroso, costoso in [&hellip;]<\/p>\n","protected":false},"author":18,"featured_media":241213,"comment_status":"closed","ping_status":"closed","sticky":false,"template":"","format":"standard","meta":{"ub_ctt_via":"","_mi_skip_tracking":false},"categories":[446],"tags":[783],"featured_image_src":"https:\/\/www.messinaoggi.it\/website\/wp-content\/uploads\/2025\/05\/20250528_0143.jpg","author_info":{"display_name":"Admin","author_link":"https:\/\/www.messinaoggi.it\/website\/author\/admin\/"},"digistream_id":0,"digistream":false,"_links":{"self":[{"href":"https:\/\/www.messinaoggi.it\/website\/wp-json\/wp\/v2\/posts\/241212"}],"collection":[{"href":"https:\/\/www.messinaoggi.it\/website\/wp-json\/wp\/v2\/posts"}],"about":[{"href":"https:\/\/www.messinaoggi.it\/website\/wp-json\/wp\/v2\/types\/post"}],"author":[{"embeddable":true,"href":"https:\/\/www.messinaoggi.it\/website\/wp-json\/wp\/v2\/users\/18"}],"replies":[{"embeddable":true,"href":"https:\/\/www.messinaoggi.it\/website\/wp-json\/wp\/v2\/comments?post=241212"}],"version-history":[{"count":0,"href":"https:\/\/www.messinaoggi.it\/website\/wp-json\/wp\/v2\/posts\/241212\/revisions"}],"wp:featuredmedia":[{"embeddable":true,"href":"https:\/\/www.messinaoggi.it\/website\/wp-json\/wp\/v2\/media\/241213"}],"wp:attachment":[{"href":"https:\/\/www.messinaoggi.it\/website\/wp-json\/wp\/v2\/media?parent=241212"}],"wp:term":[{"taxonomy":"category","embeddable":true,"href":"https:\/\/www.messinaoggi.it\/website\/wp-json\/wp\/v2\/categories?post=241212"},{"taxonomy":"post_tag","embeddable":true,"href":"https:\/\/www.messinaoggi.it\/website\/wp-json\/wp\/v2\/tags?post=241212"}],"curies":[{"name":"wp","href":"https:\/\/api.w.org\/{rel}","templated":true}]}}