{"id":241155,"date":"2025-05-28T01:08:33","date_gmt":"2025-05-27T23:08:33","guid":{"rendered":"https:\/\/www.messinaoggi.it\/website\/2025\/05\/28\/conte-litalia-stenta-a-prendere-le-distanze-da-netanyahu\/"},"modified":"2025-05-28T09:37:39","modified_gmt":"2025-05-28T07:37:39","slug":"conte-litalia-stenta-a-prendere-le-distanze-da-netanyahu","status":"publish","type":"post","link":"https:\/\/www.messinaoggi.it\/website\/2025\/05\/28\/conte-litalia-stenta-a-prendere-le-distanze-da-netanyahu\/","title":{"rendered":"Conte \u201cL\u2019Italia stenta a prendere le distanze da Netanyahu\u201d"},"content":{"rendered":"<div>ROMA (ITALPRESS) &#8211; <em>&#8220;Quello che accade a Gaza non si verifica da una settimana, ma da 19 mesi ogni giorno: noi lo stiamo denunciando perch\u00e8 si tratta di uno sterminio, non c&#8217;\u00e8 altra parola che genocidio per descriverlo&#8221;.<\/em><div id=\"div-gpt-ad-Messinaoggi.it-DSK-300x250-corpoart\" style=\"text-align:center;margin:0 auto;\"><\/div><\/p>\n<p>A dirlo \u00e8 il leader del M5s <strong>Giuseppe Conte<\/strong> a <em>E&#8217; sempre Cartabianca<\/em> su <em>Retequattro<\/em>. &#8220;<em>Abbiamo un governo criminale di Netanyahu, che \u00e8 responsabile con tutti i suoi ministri che ancora non si accontentano<\/em> &#8211; prosegue <strong>Conte<\/strong> &#8211;<em> Con le bombe hanno distrutto scuole, ospedali e presidi sanitari e ucciso 60mila persone. Gli Stati Uniti continuano a coprirli sia politicamente che militarmente, l&#8217;Italia non ha chiuso nuovi contratti per la vendita di armi a Israele ma con quelli vecchi continuano a inviare forniture: io nel 2021 avevo interrotto le forniture a Emirati Arabi Uniti e Arabia Saudita per le violazioni del diritto internazionale in Yemen. Il governo Meloni inoltre si \u00e8 astenuto per tre volte all&#8217;Onu in una risoluzione di condanna di Netanyahu, al quale sta offrendo copertura e sostegno politico&#8221;.<\/em><div id=\"videoincontent\" style=\"clear:both\";><\/div><\/p>\n<p>Secondo <strong>Conte<\/strong> <em>&#8220;qualche governante europeo \u00e8 stato pi\u00f9 deciso a prendere posizione su Gaza, mentre qualcun altro gi\u00e0 da tempo ha preso una posizione ferma: l&#8217;Italia invece stenta e credo che questa sia una vergogna nazionale. Meloni in questo momento non riesce a capire che rappresenta un intero popolo che ha una grande tradizione di dignit\u00e0 e ricchezza culturale<\/em> &#8211; continua <strong>Conte<\/strong> &#8211;<em> Quello di Netanyahu \u00e8 un governo di destra, quindi da parte di Meloni c&#8217;\u00e8 sostegno politico e affinit\u00e0 ideologica: non si pu\u00f2 non prendere le distanze dalle sue azioni e condannarle fermamente. L&#8217;Italia avrebbe dovuto promuovere fin da subito la presa di distanza, l&#8217;isolamento di Netanyahu ne avrebbe fermato la condotta criminale&#8221;.<\/em><\/p>\n<p>&#8211; foto IPA Agency &#8211;<\/p>\n<p>(ITALPRESS)<\/p><\/div>\n","protected":false},"excerpt":{"rendered":"<p>ROMA (ITALPRESS) &#8211; &#8220;Quello che accade a Gaza non si verifica da una settimana, ma da 19 mesi ogni giorno: noi lo stiamo denunciando perch\u00e8 si tratta di uno sterminio, non c&#8217;\u00e8 altra parola che genocidio per descriverlo&#8221;. A dirlo \u00e8 il leader del M5s Giuseppe Conte a E&#8217; sempre Cartabianca su Retequattro. &#8220;Abbiamo un [&hellip;]<\/p>\n","protected":false},"author":18,"featured_media":241156,"comment_status":"closed","ping_status":"closed","sticky":false,"template":"","format":"standard","meta":{"ub_ctt_via":"","_mi_skip_tracking":false},"categories":[446,4],"tags":[783],"featured_image_src":"https:\/\/www.messinaoggi.it\/website\/wp-content\/uploads\/2025\/05\/20250527_2622.jpg","author_info":{"display_name":"Admin","author_link":"https:\/\/www.messinaoggi.it\/website\/author\/admin\/"},"digistream_id":0,"digistream":false,"_links":{"self":[{"href":"https:\/\/www.messinaoggi.it\/website\/wp-json\/wp\/v2\/posts\/241155"}],"collection":[{"href":"https:\/\/www.messinaoggi.it\/website\/wp-json\/wp\/v2\/posts"}],"about":[{"href":"https:\/\/www.messinaoggi.it\/website\/wp-json\/wp\/v2\/types\/post"}],"author":[{"embeddable":true,"href":"https:\/\/www.messinaoggi.it\/website\/wp-json\/wp\/v2\/users\/18"}],"replies":[{"embeddable":true,"href":"https:\/\/www.messinaoggi.it\/website\/wp-json\/wp\/v2\/comments?post=241155"}],"version-history":[{"count":1,"href":"https:\/\/www.messinaoggi.it\/website\/wp-json\/wp\/v2\/posts\/241155\/revisions"}],"predecessor-version":[{"id":241159,"href":"https:\/\/www.messinaoggi.it\/website\/wp-json\/wp\/v2\/posts\/241155\/revisions\/241159"}],"wp:featuredmedia":[{"embeddable":true,"href":"https:\/\/www.messinaoggi.it\/website\/wp-json\/wp\/v2\/media\/241156"}],"wp:attachment":[{"href":"https:\/\/www.messinaoggi.it\/website\/wp-json\/wp\/v2\/media?parent=241155"}],"wp:term":[{"taxonomy":"category","embeddable":true,"href":"https:\/\/www.messinaoggi.it\/website\/wp-json\/wp\/v2\/categories?post=241155"},{"taxonomy":"post_tag","embeddable":true,"href":"https:\/\/www.messinaoggi.it\/website\/wp-json\/wp\/v2\/tags?post=241155"}],"curies":[{"name":"wp","href":"https:\/\/api.w.org\/{rel}","templated":true}]}}