{"id":241087,"date":"2025-05-27T17:08:34","date_gmt":"2025-05-27T15:08:34","guid":{"rendered":"https:\/\/www.messinaoggi.it\/website\/2025\/05\/27\/ue-metsola-basta-nostalgie-serve-il-coraggio-di-innovare\/"},"modified":"2025-05-27T17:08:34","modified_gmt":"2025-05-27T15:08:34","slug":"ue-metsola-basta-nostalgie-serve-il-coraggio-di-innovare","status":"publish","type":"post","link":"https:\/\/www.messinaoggi.it\/website\/2025\/05\/27\/ue-metsola-basta-nostalgie-serve-il-coraggio-di-innovare\/","title":{"rendered":"Ue, Metsola \u201cBasta nostalgie, serve il coraggio di innovare\u201d"},"content":{"rendered":"<div>ROMA (ITALPRESS) &#8211; &#8220;Voglio rimanere ottimista, come presidente del Parlamento Europeo sento di promuovere un cambiamento di mentalit\u00e0, la nostra priorit\u00e0 \u00e8 avvicinare l&#8217;Europa ai cittadini che rappresentiamo, alle famiglie e all&#8217;industria, stimolare la crescita economica. Dobbiamo avere fiducia, l&#8217;Europa \u00e8 ancora il pi\u00f9 grande progetto politico della storia&#8221;. Lo ha detto la presidente del Parlamento Europeo, Roberta Metsola, intervenendo all&#8217;assemblea di Confindustria, a Bologna.<br \/>&#8220;L&#8217;Italia \u00e8 da sempre una delle nostre ancore pi\u00f9 forti, il mondo guarda con ammirazione il Made in Italy &#8211; ha aggiunto -. Non possiamo pi\u00f9 permetterci di vivere di nostalgia, dobbiamo avere il coraggio di innovare. Dobbiamo essere pronti a sostenere chi crea valore, serve una visione politica, coraggio di agire, dobbiamo colmare il divario tecnologico con Cina, Stati Uniti, Emirati Arabi, dobbiamo ridurre il costo dell&#8217;energia,  completare il mercato unico. In questa nuova fase dobbiamo essere pi\u00f9 efficienti ed incisivi&#8221;. Per la presidente Metsola &#8220;la nostra risposta deve essere non un&#8217;Europa che frena, ma un&#8217;Europa che rimette al centro l&#8217;economia reale, un&#8217;Europa che investe sulle persone&#8221;.<div id=\"div-gpt-ad-Messinaoggi.it-DSK-300x250-corpoart\" style=\"text-align:center;margin:0 auto;\"><\/div><\/p>\n<p>&#8211; Foto IPA Agency &#8211;<div id=\"videoincontent\" style=\"clear:both\";><\/div><\/p>\n<p>(ITALPRESS).<\/p><\/div>\n","protected":false},"excerpt":{"rendered":"<p>ROMA (ITALPRESS) &#8211; &#8220;Voglio rimanere ottimista, come presidente del Parlamento Europeo sento di promuovere un cambiamento di mentalit\u00e0, la nostra priorit\u00e0 \u00e8 avvicinare l&#8217;Europa ai cittadini che rappresentiamo, alle famiglie e all&#8217;industria, stimolare la crescita economica. Dobbiamo avere fiducia, l&#8217;Europa \u00e8 ancora il pi\u00f9 grande progetto politico della storia&#8221;. Lo ha detto la presidente del [&hellip;]<\/p>\n","protected":false},"author":18,"featured_media":241088,"comment_status":"closed","ping_status":"closed","sticky":false,"template":"","format":"standard","meta":{"ub_ctt_via":"","_mi_skip_tracking":false},"categories":[446],"tags":[783],"featured_image_src":"https:\/\/www.messinaoggi.it\/website\/wp-content\/uploads\/2025\/05\/20250527_1150.jpg","author_info":{"display_name":"Admin","author_link":"https:\/\/www.messinaoggi.it\/website\/author\/admin\/"},"digistream_id":0,"digistream":false,"_links":{"self":[{"href":"https:\/\/www.messinaoggi.it\/website\/wp-json\/wp\/v2\/posts\/241087"}],"collection":[{"href":"https:\/\/www.messinaoggi.it\/website\/wp-json\/wp\/v2\/posts"}],"about":[{"href":"https:\/\/www.messinaoggi.it\/website\/wp-json\/wp\/v2\/types\/post"}],"author":[{"embeddable":true,"href":"https:\/\/www.messinaoggi.it\/website\/wp-json\/wp\/v2\/users\/18"}],"replies":[{"embeddable":true,"href":"https:\/\/www.messinaoggi.it\/website\/wp-json\/wp\/v2\/comments?post=241087"}],"version-history":[{"count":0,"href":"https:\/\/www.messinaoggi.it\/website\/wp-json\/wp\/v2\/posts\/241087\/revisions"}],"wp:featuredmedia":[{"embeddable":true,"href":"https:\/\/www.messinaoggi.it\/website\/wp-json\/wp\/v2\/media\/241088"}],"wp:attachment":[{"href":"https:\/\/www.messinaoggi.it\/website\/wp-json\/wp\/v2\/media?parent=241087"}],"wp:term":[{"taxonomy":"category","embeddable":true,"href":"https:\/\/www.messinaoggi.it\/website\/wp-json\/wp\/v2\/categories?post=241087"},{"taxonomy":"post_tag","embeddable":true,"href":"https:\/\/www.messinaoggi.it\/website\/wp-json\/wp\/v2\/tags?post=241087"}],"curies":[{"name":"wp","href":"https:\/\/api.w.org\/{rel}","templated":true}]}}