{"id":241083,"date":"2025-05-27T15:48:35","date_gmt":"2025-05-27T13:48:35","guid":{"rendered":"https:\/\/www.messinaoggi.it\/website\/2025\/05\/27\/torna-expocook-a-palermo-dal-14-al-16-settembre-alla-fiera-del-mediterraneo\/"},"modified":"2025-05-27T15:48:35","modified_gmt":"2025-05-27T13:48:35","slug":"torna-expocook-a-palermo-dal-14-al-16-settembre-alla-fiera-del-mediterraneo","status":"publish","type":"post","link":"https:\/\/www.messinaoggi.it\/website\/2025\/05\/27\/torna-expocook-a-palermo-dal-14-al-16-settembre-alla-fiera-del-mediterraneo\/","title":{"rendered":"Torna Expocook a Palermo, dal 14 al 16 settembre alla Fiera del Mediterraneo"},"content":{"rendered":"<div>\n<p>PALERMO (ITALPRESS) \u2013 <strong>La principale vetrina per il food, siciliano e non, torna a Palermo per la sua decima edizione<\/strong>: dal 14 al 16 settembre la <strong>Fiera del Mediterraneo ospiter\u00e0 Expocook,<\/strong> facendo da epicentro a una serie di eventi e spazi espositivi dedicati alle attivit\u00e0 produttive legate al gusto e a tutto ci\u00f2 che vi gira intorno.<div id=\"div-gpt-ad-Messinaoggi.it-DSK-300x250-corpoart\" style=\"text-align:center;margin:0 auto;\"><\/div><\/p>\n<p>La nuova edizione \u00e8 stata presentata questa mattina a Palazzo Palagonia, alla presenza tra gli altri dell\u2019assessore comunale alle Attivit\u00e0 produttive Giuliano <strong>Forzinetti<\/strong> e dell\u2019organizzatore di Expocook Luciano <strong>Muratore:<\/strong> quest\u2019ultimo \u00e8 anche amministratore di ItalRent, la societ\u00e0 che di recente ha acquisito la produzione della manifestazione.<div id=\"videoincontent\" style=\"clear:both\";><\/div><\/p>\n<p>L\u2019appuntamento di settembre, oltre a consentire agli operatori del settore food di fare rete e mettersi in gioco, sar\u00e0 occasione per presentare i risultati raggiunti a Roma, dove a marzo si \u00e8 tenuta la tappa nazionale di Expocook. Sar\u00e0 inoltre una tappa fondamentale per presentare ad avventori e aziende il nuovo volto della Fiera del Mediterraneo: in particolare, ci saranno due ulteriori padiglioni a disposizione, fondamentali per ampliare la superficie espositiva. Accanto alla volont\u00e0 di dare risalto alle eccellenze del territorio, sul piano sia nazionale che internazionale, Expocook rappresenta un\u2019opportunit\u00e0 per promuovere pratiche agricole sostenibili, aprire una riflessione sui temi dell\u2019alimentazione e dell\u2019ambiente e raccontare le evoluzioni nei settori dell\u2019agricoltura, della zootecnia, dell\u2019agroalimentare e del panorama forestale.<\/p>\n<p><em>\u201cExpocook si inserisce all\u2019interno della rassegna annuale di eventi all\u2019interno della Fiera del Mediterraneo<\/em> \u2013 sottolinea Forzinetti, \u2013<em> Come tutte le manifestazioni, ci aiuta a recuperare un utilizzo sempre maggiore dei padiglioni in modo da restituire alla citt\u00e0 porzioni dell\u2019area in vista anche degli eventi successivi. Sulla Fiera del Mediterraneo stiamo effettuando due interventi paralleli: uno di concerto con la Regione, relativo al centro congressi e al recupero di tutta la struttura fieristica, l\u2019altro invece ci vede proseguire con la riqualificazione delle strutture adiacenti la stecca centrale della Fiera. Due anni fa abbiamo iniziato con i padiglioni 20, 20A e 16, ora stiamo proseguendo con i padiglioni 22, 24, 1 e 3: i lavori per questa manifestazione saranno a carico dei privati e verranno compensati con le spese per i canoni di concessione, ma ci permetter\u00e0 di avere la Fiera fruibile anche per le manifestazioni successive\u201d.<\/em><\/p>\n<p>In quella che si presenta principalmente come una manifestazione destinata agli operatori del settore piuttosto che a un pubblico generalista, dovrebbero comunque essere messi a disposizione biglietti al costo di 10 euro per ciascuna giornata, con apertura dei cancelli della Fiera dalle 10 alle 18. <em>\u201cL\u2019obiettivo \u00e8 favorire uno scambio commerciale tra le aziende che vengono a esporre i loro prodotti e creare relazioni commerciali con partner internazionali<\/em> \u2013 spiega Muratore, \u2013<em> L\u2019obiettivo \u00e8 dare una veste internazionale a quest\u2019evento: abbiamo visto che la Sicilia ha poco spazio nei mercati esteri, quindi pu\u00f2 essere l\u2019occasione per aprire nuove relazioni. Palermo negli anni passati ha avuto oltre 60mila visitatori, circa 300 espositori e numerose aziende venute in visita o a creare scambi commerciali; quest\u2019anno i numeri aumentano perch\u00e9 aumenta la superficie espositiva di altri 5.000 metri quadrati. Grazie a un accordo con il Comune di Palermo stiamo procedendo alla ristrutturazione di due padiglioni, che ci consentir\u00e0 di avere pi\u00f9 espositori e istituire una serie di aree contest\u201d. <\/em><\/p>\n<p>\u2013 foto xd8\/Italpress \u2013<\/p>\n<p>(ITALPRESS).<\/p>\n<\/div>\n","protected":false},"excerpt":{"rendered":"<p>PALERMO (ITALPRESS) \u2013 La principale vetrina per il food, siciliano e non, torna a Palermo per la sua decima edizione: dal 14 al 16 settembre la Fiera del Mediterraneo ospiter\u00e0 Expocook, facendo da epicentro a una serie di eventi e spazi espositivi dedicati alle attivit\u00e0 produttive legate al gusto e a tutto ci\u00f2 che vi [&hellip;]<\/p>\n","protected":false},"author":18,"featured_media":241084,"comment_status":"closed","ping_status":"closed","sticky":false,"template":"","format":"standard","meta":{"ub_ctt_via":"","_mi_skip_tracking":false},"categories":[2449],"tags":[783],"featured_image_src":"https:\/\/www.messinaoggi.it\/website\/wp-content\/uploads\/2025\/05\/Expocook-1.jpg","author_info":{"display_name":"Admin","author_link":"https:\/\/www.messinaoggi.it\/website\/author\/admin\/"},"digistream_id":0,"digistream":false,"_links":{"self":[{"href":"https:\/\/www.messinaoggi.it\/website\/wp-json\/wp\/v2\/posts\/241083"}],"collection":[{"href":"https:\/\/www.messinaoggi.it\/website\/wp-json\/wp\/v2\/posts"}],"about":[{"href":"https:\/\/www.messinaoggi.it\/website\/wp-json\/wp\/v2\/types\/post"}],"author":[{"embeddable":true,"href":"https:\/\/www.messinaoggi.it\/website\/wp-json\/wp\/v2\/users\/18"}],"replies":[{"embeddable":true,"href":"https:\/\/www.messinaoggi.it\/website\/wp-json\/wp\/v2\/comments?post=241083"}],"version-history":[{"count":0,"href":"https:\/\/www.messinaoggi.it\/website\/wp-json\/wp\/v2\/posts\/241083\/revisions"}],"wp:featuredmedia":[{"embeddable":true,"href":"https:\/\/www.messinaoggi.it\/website\/wp-json\/wp\/v2\/media\/241084"}],"wp:attachment":[{"href":"https:\/\/www.messinaoggi.it\/website\/wp-json\/wp\/v2\/media?parent=241083"}],"wp:term":[{"taxonomy":"category","embeddable":true,"href":"https:\/\/www.messinaoggi.it\/website\/wp-json\/wp\/v2\/categories?post=241083"},{"taxonomy":"post_tag","embeddable":true,"href":"https:\/\/www.messinaoggi.it\/website\/wp-json\/wp\/v2\/tags?post=241083"}],"curies":[{"name":"wp","href":"https:\/\/api.w.org\/{rel}","templated":true}]}}