{"id":241028,"date":"2025-05-27T11:18:06","date_gmt":"2025-05-27T09:18:06","guid":{"rendered":"http:\/\/www.messinaoggi.it\/website\/?p=241028"},"modified":"2025-05-27T11:18:07","modified_gmt":"2025-05-27T09:18:07","slug":"torre-faro-senzacqua-da-quattro-giorni-oggi-lintervento-di-amam-cittadini-esasperati","status":"publish","type":"post","link":"https:\/\/www.messinaoggi.it\/website\/2025\/05\/27\/torre-faro-senzacqua-da-quattro-giorni-oggi-lintervento-di-amam-cittadini-esasperati\/","title":{"rendered":"Torre Faro senz&#8217;acqua da quattro giorni, oggi l&#8217;intervento di AMAM: cittadini esasperati"},"content":{"rendered":"\n<p>Torre Faro, tra le localit\u00e0 pi\u00f9 iconiche e frequentate di Messina, da quattro giorni vive una situazione paradossale: \u00e8 allagata e, al tempo stesso, senza acqua. Una contraddizione che fotografa perfettamente lo stato del servizio idrico cittadino. <div id=\"div-gpt-ad-Messinaoggi.it-DSK-300x250-corpoart\" style=\"text-align:center;margin:0 auto;\"><\/div><\/p>\n\n\n\n<p>Secondo quanto trapelato, la causa sarebbe la rottura di una conduttura, forse aggravata dalle recenti piogge e dal dissesto della rete. Solo oggi \u2013 al quarto giorno di emergenza \u2013 i tecnici di AMAM si sono recati sul posto per avviare gli interventi di ripristino. Nel frattempo, i residenti sono rimasti senz\u2019acqua in casa, costretti ad arrangiarsi come possono.<div id=\"videoincontent\" style=\"clear:both\";><\/div><\/p>\n\n\n\n<p>\u00c8 inaccettabile che una zona strategica come Torre Faro, cuore turistico e abitato 365 giorni l\u2019anno, venga lasciata in balia di un disservizio cos\u00ec grave per giorni, senza che ci sia stata una comunicazione puntuale n\u00e9 l\u2019attivazione tempestiva di misure di emergenza. N\u00e9 autobotti, n\u00e9 avvisi chiari. Solo disagi.<\/p>\n\n\n\n<p>\u00c8 lecito chiedersi: dove sono finite le promesse di efficienza e interventi rapidi? Come si pu\u00f2 pensare di affrontare l\u2019estate, ormai alle porte, con una rete idrica che crolla alla prima difficolt\u00e0? Torre Faro merita rispetto e risposte concrete, non solo rattoppi tardivi.<\/p>\n","protected":false},"excerpt":{"rendered":"<p>Torre Faro, tra le localit\u00e0 pi\u00f9 iconiche e frequentate di Messina, da quattro giorni vive una situazione paradossale: \u00e8 allagata e, al tempo stesso, senza acqua. Una contraddizione che fotografa perfettamente lo stato del servizio idrico cittadino. Secondo quanto trapelato, la causa sarebbe la rottura di una conduttura, forse aggravata dalle recenti piogge e dal [&hellip;]<\/p>\n","protected":false},"author":15,"featured_media":241031,"comment_status":"open","ping_status":"open","sticky":false,"template":"","format":"standard","meta":{"ub_ctt_via":"","_mi_skip_tracking":false},"categories":[5,6],"tags":[11514,1649,1154,11513],"featured_image_src":"https:\/\/www.messinaoggi.it\/website\/wp-content\/uploads\/2025\/05\/IMG-20250526-WA0019.jpg","author_info":{"display_name":"red.me","author_link":"https:\/\/www.messinaoggi.it\/website\/author\/red-me\/"},"digistream_id":0,"digistream":false,"_links":{"self":[{"href":"https:\/\/www.messinaoggi.it\/website\/wp-json\/wp\/v2\/posts\/241028"}],"collection":[{"href":"https:\/\/www.messinaoggi.it\/website\/wp-json\/wp\/v2\/posts"}],"about":[{"href":"https:\/\/www.messinaoggi.it\/website\/wp-json\/wp\/v2\/types\/post"}],"author":[{"embeddable":true,"href":"https:\/\/www.messinaoggi.it\/website\/wp-json\/wp\/v2\/users\/15"}],"replies":[{"embeddable":true,"href":"https:\/\/www.messinaoggi.it\/website\/wp-json\/wp\/v2\/comments?post=241028"}],"version-history":[{"count":2,"href":"https:\/\/www.messinaoggi.it\/website\/wp-json\/wp\/v2\/posts\/241028\/revisions"}],"predecessor-version":[{"id":241030,"href":"https:\/\/www.messinaoggi.it\/website\/wp-json\/wp\/v2\/posts\/241028\/revisions\/241030"}],"wp:featuredmedia":[{"embeddable":true,"href":"https:\/\/www.messinaoggi.it\/website\/wp-json\/wp\/v2\/media\/241031"}],"wp:attachment":[{"href":"https:\/\/www.messinaoggi.it\/website\/wp-json\/wp\/v2\/media?parent=241028"}],"wp:term":[{"taxonomy":"category","embeddable":true,"href":"https:\/\/www.messinaoggi.it\/website\/wp-json\/wp\/v2\/categories?post=241028"},{"taxonomy":"post_tag","embeddable":true,"href":"https:\/\/www.messinaoggi.it\/website\/wp-json\/wp\/v2\/tags?post=241028"}],"curies":[{"name":"wp","href":"https:\/\/api.w.org\/{rel}","templated":true}]}}