{"id":240903,"date":"2025-05-27T00:48:34","date_gmt":"2025-05-26T22:48:34","guid":{"rendered":"https:\/\/www.messinaoggi.it\/website\/2025\/05\/26\/il-nuovo-piano-per-la-favorita-di-palermo-10-milioni-per-il-quartiere-vegetale\/"},"modified":"2025-05-27T09:05:57","modified_gmt":"2025-05-27T07:05:57","slug":"il-nuovo-piano-per-la-favorita-di-palermo-10-milioni-per-il-quartiere-vegetale","status":"publish","type":"post","link":"https:\/\/www.messinaoggi.it\/website\/2025\/05\/27\/il-nuovo-piano-per-la-favorita-di-palermo-10-milioni-per-il-quartiere-vegetale\/","title":{"rendered":"Il nuovo piano per la Favorita di Palermo, 10 milioni per il \u2018quartiere vegetale\u2019"},"content":{"rendered":"<div>\n<p>PALERMO (ITALPRESS) \u2013 A lungo abbandonato a se stesso o luogo occasionale di iniziative sportive e culturali, il <strong>parco della Favorita<\/strong> si appresta a iniziare una seconda vita che lo vede come un \u201cquartiere vegetale\u201d in cui concentrare attivit\u00e0 di vario genere, non solo ricreative: il <strong>Comune<\/strong> <strong>di Palermo<\/strong> ha presentato un piano di fattibilit\u00e0 che, con un finanziamento di <strong>10 milioni di euro<\/strong> provenienti dai fondi europei, favorir\u00e0 la rigenerazione dell\u2019intera area.<div id=\"div-gpt-ad-Messinaoggi.it-DSK-300x250-corpoart\" style=\"text-align:center;margin:0 auto;\"><\/div><\/p>\n<p>La \u201cnuova\u201d Favorita \u00e8 stata presentata nel corso di una conferenza stampa, a Villa Niscemi, con l\u2019apertura simbolica del cancello che separa quest\u2019ultima al parco. Il piano di fattibilit\u00e0 mira a potenziare l\u2019uso dell\u2019area verde senza mai venire meno ai suoi valori storici e ambientali, ma al contempo tutelando l\u2019agricoltura, creando opportunit\u00e0 educative e offrendo spazi per sport e cultura: la priorit\u00e0 \u00e8 il superamento del degrado persistente, migliorando la qualit\u00e0 della vita per i palermitani e l\u2019attrattivit\u00e0 turistica della citt\u00e0.<div id=\"videoincontent\" style=\"clear:both\";><\/div><\/p>\n<p><em>\u201cLa nostra \u00e8 un\u2019azione complessa, che ha visto il lavoro di una commissione tecnico-scientifica da cui \u00e8 nato un progetto che sar\u00e0 finanziato per i primi 10 milioni su dotazioni economiche gi\u00e0 esistenti, mentre le altre saranno trovate evidentemente nella programmazione successiva o con gli avanzi del prossimo consiglio di amministrazione<\/em> \u2013 sottolinea il sindaco di Palermo <strong>Roberto Lagalla<\/strong>\u00a0\u2013 <em>L\u2019importante \u00e8 che abbiamo gi\u00e0 un piano progettuale sulla riqualificazione della Favorita, dove immaginiamo anche di poter mettere a disposizione dei palermitani arredi urbani o aree gioco. La Favorita non pu\u00f2 restare un viale di attraversamento tra la citt\u00e0 e il suo mare\u201d.<\/em><\/p>\n<p>A illustrare l\u2019evoluzione dei lavori \u00e8 l\u2019assessore alla Rigenerazione urbana <strong>Maurizio<\/strong> <strong>Carta<\/strong>: <em>\u201cQuesta prima porzione (che lega la Favorita a Villa Niscemi, ndr) serve all\u2019innesco del processo di rigenerazione e ha a che fare con un patrimonio monumentale e vegetale, con la sistemazione di alcune aree anche per il tempo libero o per una passeggiata; dopodich\u00e9 avremo una porzione dedicata ad una componente monumentale ed ecologica del parco, ma si cominciano a intravedere anche porzioni che servono ai cittadini, per far s\u00ec che questo parco diventi un quartiere vegetale ovvero un luogo dove trascorrere la giornata godendo della bellezza ecologica della natura e di alcuni luoghi in cui poter lavorare. Ci saranno aree di co-working, si potr\u00e0 fare attivit\u00e0 sportiva ma anche la mobilit\u00e0 sar\u00e0 rivoluzionata per poter consentire che tutto si svolga in sicurezza\u201d.<\/em><\/p>\n<p>L\u2019agronomo e paesaggista <strong>Giuseppe<\/strong> <strong>Barbera<\/strong>, coordinatore del piano di fattibilit\u00e0, evidenzia come <em>\u201cil progetto prevede che la Favorita, nel rispetto della sua storia e dei suoi valori ambientali, torni a essere o sia finalmente un parco urbano e che quindi si possano svolgere una serie di attivit\u00e0 compatibili con i valori ambientali e culturali: in un anno di sopralluoghi e incontri abbiamo studiato la Favorita da cima a fondo, scoprendo tante cose che non sapevamo, e adesso siamo all\u2019inizio di un piano di fattibilit\u00e0, che ci permette di avere un\u2019idea complessiva di cosa debba diventare il parco con 10 milioni di finanziamenti europei gi\u00e0 disponibili. Si potranno svolgere tutte le attivit\u00e0 tipiche di un parco: passeggiare, riposare, respirare aria buona ma anche tornare a fare agricoltura. In particolare i mandarini dovranno tornare a essere coltivati e in alcune zone verranno creati servizi igienici e locali di caffetteria: inoltre, dove ci sono i Magazzini borbonici verr\u00e0 installato un hub in cui si potr\u00e0 leggere, studiare o anche solo trascorrere il tempo. Ci si potr\u00e0 anche spostare in bicicletta, senza escludere la possibilit\u00e0 di spostarsi a piedi: i tempi di realizzazione prevedono che nei primi due anni si possano vedere i primi risultati concreti\u201d.\u00a0<\/em><\/p>\n<p>\u2013 Foto xd8\/Italpress \u2013<\/p>\n<p>(ITALPRESS)<\/p>\n<\/div>\n","protected":false},"excerpt":{"rendered":"<p>PALERMO (ITALPRESS) \u2013 A lungo abbandonato a se stesso o luogo occasionale di iniziative sportive e culturali, il parco della Favorita si appresta a iniziare una seconda vita che lo vede come un \u201cquartiere vegetale\u201d in cui concentrare attivit\u00e0 di vario genere, non solo ricreative: il Comune di Palermo ha presentato un piano di fattibilit\u00e0 [&hellip;]<\/p>\n","protected":false},"author":18,"featured_media":240904,"comment_status":"closed","ping_status":"closed","sticky":false,"template":"","format":"standard","meta":{"ub_ctt_via":"","_mi_skip_tracking":false},"categories":[11,2449],"tags":[783],"featured_image_src":"https:\/\/www.messinaoggi.it\/website\/wp-content\/uploads\/2025\/05\/IMG_20250526_122515.jpg","author_info":{"display_name":"Admin","author_link":"https:\/\/www.messinaoggi.it\/website\/author\/admin\/"},"digistream_id":0,"digistream":false,"_links":{"self":[{"href":"https:\/\/www.messinaoggi.it\/website\/wp-json\/wp\/v2\/posts\/240903"}],"collection":[{"href":"https:\/\/www.messinaoggi.it\/website\/wp-json\/wp\/v2\/posts"}],"about":[{"href":"https:\/\/www.messinaoggi.it\/website\/wp-json\/wp\/v2\/types\/post"}],"author":[{"embeddable":true,"href":"https:\/\/www.messinaoggi.it\/website\/wp-json\/wp\/v2\/users\/18"}],"replies":[{"embeddable":true,"href":"https:\/\/www.messinaoggi.it\/website\/wp-json\/wp\/v2\/comments?post=240903"}],"version-history":[{"count":1,"href":"https:\/\/www.messinaoggi.it\/website\/wp-json\/wp\/v2\/posts\/240903\/revisions"}],"predecessor-version":[{"id":240992,"href":"https:\/\/www.messinaoggi.it\/website\/wp-json\/wp\/v2\/posts\/240903\/revisions\/240992"}],"wp:featuredmedia":[{"embeddable":true,"href":"https:\/\/www.messinaoggi.it\/website\/wp-json\/wp\/v2\/media\/240904"}],"wp:attachment":[{"href":"https:\/\/www.messinaoggi.it\/website\/wp-json\/wp\/v2\/media?parent=240903"}],"wp:term":[{"taxonomy":"category","embeddable":true,"href":"https:\/\/www.messinaoggi.it\/website\/wp-json\/wp\/v2\/categories?post=240903"},{"taxonomy":"post_tag","embeddable":true,"href":"https:\/\/www.messinaoggi.it\/website\/wp-json\/wp\/v2\/tags?post=240903"}],"curies":[{"name":"wp","href":"https:\/\/api.w.org\/{rel}","templated":true}]}}