{"id":24065,"date":"2018-09-07T15:49:58","date_gmt":"2018-09-07T13:49:58","guid":{"rendered":"http:\/\/www.messinaoggi.it\/website\/?p=24065"},"modified":"2018-09-07T15:49:58","modified_gmt":"2018-09-07T13:49:58","slug":"casa-nostra-si-guarda-alle-gestione-del-parco-urbano","status":"publish","type":"post","link":"https:\/\/www.messinaoggi.it\/website\/2018\/09\/07\/casa-nostra-si-guarda-alle-gestione-del-parco-urbano\/","title":{"rendered":"Casa Nostra, si guarda alle gestione del Parco urbano"},"content":{"rendered":"<p style=\"text-align: justify;\">Dopo tanti di attesa, qualche mese fa \u00e8 finalmente comparsa l\u2019illuminazione pubblica al complesso Casa Nostra, ma adesso occorre andare avanti nell\u2019opera di bonifica di un\u2019area che da anni vede interventi a singhiozzo. Dando seguito a precedenti incontri gi\u00e0 avvenuti nei pressi del complesso, dove stanno procedendo i lavori di risanamento attraverso la realizzazione del Parco Urbano, il vicesindaco e assessore al Risanamento e alla Rivitalizzazione Urbana, Salvatore Mondello, ha incontrato oggi a Palazzo Zanca il comitato &#8220;Risaniamo Casa Nostra&#8221;, composto dal presidente, Silvestro Bonanno, e da Natale Crisafulli, Claudio Marcon, Pasquale Tripodo e Roberto Crisafulli, per discutere come migliorare la progettualit\u00e0 in funzione delle reali esigenze dei cittadini.<div id=\"div-gpt-ad-Messinaoggi.it-DSK-300x250-corpoart\" style=\"text-align:center;margin:0 auto;\"><\/div><\/p>\n<p style=\"text-align: justify;\">Si \u00e8 altres\u00ec fatta avanti l\u2019opportunit\u00e0 di guardare alla gestione del Parco stesso e ci\u00f2 \u00e8 in linea con quanto l\u2019Amministrazione comunale ha gi\u00e0 deliberato in merito a tutti gli spazi verdi e ai parchi della citt\u00e0. Il vicesindaco Mondello si \u00e8 impegnato a promuovere da subito un incontro col Rup e il direttore dei lavori, alla presenza del comitato, al fine di verificare se sussistono le condizioni di apportare migliorie funzionali al progetto senza alterazione delle somme disponibili nel quadro economico.<div id=\"videoincontent\" style=\"clear:both\";><\/div><\/p>\n","protected":false},"excerpt":{"rendered":"<p>Dopo tanti di attesa, qualche mese fa \u00e8 finalmente comparsa l\u2019illuminazione pubblica al complesso Casa Nostra, ma adesso occorre andare avanti nell\u2019opera di bonifica di un\u2019area che da anni vede interventi a singhiozzo. Dando seguito a precedenti incontri gi\u00e0 avvenuti nei pressi del complesso, dove stanno procedendo i lavori di risanamento attraverso la realizzazione del [&hellip;]<\/p>\n","protected":false},"author":14,"featured_media":24066,"comment_status":"closed","ping_status":"open","sticky":false,"template":"","format":"standard","meta":{"ub_ctt_via":"","_mi_skip_tracking":false},"categories":[5],"tags":[],"featured_image_src":"https:\/\/www.messinaoggi.it\/website\/wp-content\/uploads\/2018\/09\/casa-nostra.jpg","author_info":{"display_name":"Antonio Macauda","author_link":"https:\/\/www.messinaoggi.it\/website\/author\/a-macauda\/"},"digistream_id":0,"digistream":false,"_links":{"self":[{"href":"https:\/\/www.messinaoggi.it\/website\/wp-json\/wp\/v2\/posts\/24065"}],"collection":[{"href":"https:\/\/www.messinaoggi.it\/website\/wp-json\/wp\/v2\/posts"}],"about":[{"href":"https:\/\/www.messinaoggi.it\/website\/wp-json\/wp\/v2\/types\/post"}],"author":[{"embeddable":true,"href":"https:\/\/www.messinaoggi.it\/website\/wp-json\/wp\/v2\/users\/14"}],"replies":[{"embeddable":true,"href":"https:\/\/www.messinaoggi.it\/website\/wp-json\/wp\/v2\/comments?post=24065"}],"version-history":[{"count":0,"href":"https:\/\/www.messinaoggi.it\/website\/wp-json\/wp\/v2\/posts\/24065\/revisions"}],"wp:featuredmedia":[{"embeddable":true,"href":"https:\/\/www.messinaoggi.it\/website\/wp-json\/wp\/v2\/media\/24066"}],"wp:attachment":[{"href":"https:\/\/www.messinaoggi.it\/website\/wp-json\/wp\/v2\/media?parent=24065"}],"wp:term":[{"taxonomy":"category","embeddable":true,"href":"https:\/\/www.messinaoggi.it\/website\/wp-json\/wp\/v2\/categories?post=24065"},{"taxonomy":"post_tag","embeddable":true,"href":"https:\/\/www.messinaoggi.it\/website\/wp-json\/wp\/v2\/tags?post=24065"}],"curies":[{"name":"wp","href":"https:\/\/api.w.org\/{rel}","templated":true}]}}