{"id":240393,"date":"2025-05-22T09:23:34","date_gmt":"2025-05-22T07:23:34","guid":{"rendered":"http:\/\/www.messinaoggi.it\/website\/?p=240393"},"modified":"2025-05-22T09:23:47","modified_gmt":"2025-05-22T07:23:47","slug":"agevolazioni-tari-2025-gioveni-fdi-interroga-il-comune-serve-subito-la-delibera-il-tempo-stringe","status":"publish","type":"post","link":"https:\/\/www.messinaoggi.it\/website\/2025\/05\/22\/agevolazioni-tari-2025-gioveni-fdi-interroga-il-comune-serve-subito-la-delibera-il-tempo-stringe\/","title":{"rendered":"Agevolazioni Tari 2025, Gioveni (FdI) interroga il Comune: \u201cServe subito la delibera, il tempo stringe\u201d"},"content":{"rendered":"\n<p>Il consigliere comunale e capogruppo di Fratelli d\u2019Italia, <strong>Libero Gioveni<\/strong>, ha presentato un\u2019interrogazione urgente rivolta al sindaco di Messina <strong>Federico Basile<\/strong>, all\u2019assessora alle Politiche sociali <strong>Alessandra Calafiore<\/strong> e all\u2019assessore ai Tributi <strong>Roberto Cicala<\/strong> per sollecitare l\u2019adozione della delibera sulle agevolazioni Tari 2025.<div id=\"div-gpt-ad-Messinaoggi.it-DSK-300x250-corpoart\" style=\"text-align:center;margin:0 auto;\"><\/div><\/p>\n\n\n\n<p>Gi\u00e0 previsto nel bilancio di previsione approvato lo scorso 10 febbraio uno stanziamento di 800 mila euro per le riduzioni della tassa sui rifiuti \u2013 di cui 700 mila euro destinati a famiglie a basso reddito e ultra70enni invalidi al 100%, e 100 mila euro ai donatori di sangue \u2013 il provvedimento attuativo per\u00f2 non \u00e8 ancora stato approvato dalla Giunta.<div id=\"videoincontent\" style=\"clear:both\";><\/div><\/p>\n\n\n\n<p>\u201cSiamo in forte ritardo \u2013 scrive Gioveni \u2013. L\u2019anno scorso, in questo stesso periodo, si era gi\u00e0 alla fase dell\u2019avviso pubblico e la delibera era stata votata il 15 maggio. Ora il tempo stringe, anche perch\u00e9 il Comune intende applicare le riduzioni gi\u00e0 a partire dalla prima rata della Tari, la cui scadenza \u00e8 prevista tra fine giugno e fine luglio\u201d.<\/p>\n\n\n\n<p>Nella sua interrogazione, il consigliere chiede di conoscere i motivi della mancata trasmissione della delibera al Consiglio comunale, i tempi previsti per la sua approvazione e le conseguenze che eventuali ulteriori ritardi potrebbero avere sulla volont\u00e0 politica gi\u00e0 espressa in Consiglio con l\u2019emendamento trasversale.<\/p>\n\n\n\n<p>Gioveni conclude: \u201cServe un\u2019accelerazione immediata per rispettare gli impegni presi con i cittadini. Non si pu\u00f2 rischiare di vanificare una misura di sostegno cos\u00ec importante a causa di ritardi procedurali\u201d.<\/p>\n","protected":false},"excerpt":{"rendered":"<p>Il consigliere comunale e capogruppo di Fratelli d\u2019Italia, Libero Gioveni, ha presentato un\u2019interrogazione urgente rivolta al sindaco di Messina Federico Basile, all\u2019assessora alle Politiche sociali Alessandra Calafiore e all\u2019assessore ai Tributi Roberto Cicala per sollecitare l\u2019adozione della delibera sulle agevolazioni Tari 2025. Gi\u00e0 previsto nel bilancio di previsione approvato lo scorso 10 febbraio uno stanziamento [&hellip;]<\/p>\n","protected":false},"author":15,"featured_media":43341,"comment_status":"open","ping_status":"open","sticky":false,"template":"","format":"standard","meta":{"ub_ctt_via":"","_mi_skip_tracking":false},"categories":[4,6],"tags":[1059,740,1894,11498],"featured_image_src":"https:\/\/www.messinaoggi.it\/website\/wp-content\/uploads\/2020\/05\/libero-gioveni-in-aula-messinaoggi.jpg","author_info":{"display_name":"red.me","author_link":"https:\/\/www.messinaoggi.it\/website\/author\/red-me\/"},"digistream_id":0,"digistream":false,"_links":{"self":[{"href":"https:\/\/www.messinaoggi.it\/website\/wp-json\/wp\/v2\/posts\/240393"}],"collection":[{"href":"https:\/\/www.messinaoggi.it\/website\/wp-json\/wp\/v2\/posts"}],"about":[{"href":"https:\/\/www.messinaoggi.it\/website\/wp-json\/wp\/v2\/types\/post"}],"author":[{"embeddable":true,"href":"https:\/\/www.messinaoggi.it\/website\/wp-json\/wp\/v2\/users\/15"}],"replies":[{"embeddable":true,"href":"https:\/\/www.messinaoggi.it\/website\/wp-json\/wp\/v2\/comments?post=240393"}],"version-history":[{"count":1,"href":"https:\/\/www.messinaoggi.it\/website\/wp-json\/wp\/v2\/posts\/240393\/revisions"}],"predecessor-version":[{"id":240394,"href":"https:\/\/www.messinaoggi.it\/website\/wp-json\/wp\/v2\/posts\/240393\/revisions\/240394"}],"wp:featuredmedia":[{"embeddable":true,"href":"https:\/\/www.messinaoggi.it\/website\/wp-json\/wp\/v2\/media\/43341"}],"wp:attachment":[{"href":"https:\/\/www.messinaoggi.it\/website\/wp-json\/wp\/v2\/media?parent=240393"}],"wp:term":[{"taxonomy":"category","embeddable":true,"href":"https:\/\/www.messinaoggi.it\/website\/wp-json\/wp\/v2\/categories?post=240393"},{"taxonomy":"post_tag","embeddable":true,"href":"https:\/\/www.messinaoggi.it\/website\/wp-json\/wp\/v2\/tags?post=240393"}],"curies":[{"name":"wp","href":"https:\/\/api.w.org\/{rel}","templated":true}]}}