{"id":24012,"date":"2018-09-05T16:06:28","date_gmt":"2018-09-05T14:06:28","guid":{"rendered":"http:\/\/www.messinaoggi.it\/website\/?p=24012"},"modified":"2018-09-05T16:06:28","modified_gmt":"2018-09-05T14:06:28","slug":"agenzia-risanamento-dopo-il-voto-torna-il-sereno-tra-de-luca-e-il-consiglio-insieme-abbiamo-difeso-messina","status":"publish","type":"post","link":"https:\/\/www.messinaoggi.it\/website\/2018\/09\/05\/agenzia-risanamento-dopo-il-voto-torna-il-sereno-tra-de-luca-e-il-consiglio-insieme-abbiamo-difeso-messina\/","title":{"rendered":"Agenzia Risanamento, dopo il voto torna il sereno tra De Luca e il Consiglio: &quot;Insieme abbiamo difeso Messina&quot;"},"content":{"rendered":"<p style=\"text-align: justify\">Pace fatta. Il 30 agosto sembrava che l\u2019esperienza di Cateno De Luca come sindaco di Messina \u00a0fosse gi\u00e0 giunta al capolinea, le dimissioni paventate dopo la bocciatura della delibera sull\u2019Agenzia per il Risanamento\u00a0 sembravano aprire le porte ad un prematuro ritorno alle urne. L\u2019Agenzia per il Risanamento per\u00f2 ci sar\u00e0, cos\u00ec ecco che si \u00e8 riacceso il feeling tra il sindaco e i consiglieri, come scritto dallo stesso De Luca sul proprio profilo facebook: \u201cIeri abbiamo difeso e rilanciato Messina,: grazie di cuore al consiglio comunale ed alla gente che ha manifestato il proprio sostegno invadendo Palazzo Zanca e l\u2019aula consiliare. La delibera per la costituzione dell\u2019agenzia per il risanamento della citt\u00e0 di Messina \u00e8\u2019 passata all\u2019unanimit\u00e0\u201d.<div id=\"div-gpt-ad-Messinaoggi.it-DSK-300x250-corpoart\" style=\"text-align:center;margin:0 auto;\"><\/div><\/p>\n<p style=\"text-align: justify\">De Luca aggiunge: \u201cOra sono pronto ad individuare le regole di buona e costruttiva convivenza con il consiglio comunale modificando alcune norme del regolamento consiliare per evitare le solite imboscate sui tempi di trattazione degli argomenti proposti dal sindaco e dalla giunta municipale. Su questo argomento il sindaco pu\u00f2 solo proporre mentre \u00e8 il consiglio che deve esaminare ed approvare le nostre richieste di modifiche: chiedo soltanto tempi certi e trasparenza sulle manifestazioni di voto di ogni singolo consigliere comunale. Spero il 30 settembre di convertire il nostro programmato commiato in una articolata relazione di inizio di un lungo e proficuo mandato elettorale\u201d.<div id=\"videoincontent\" style=\"clear:both\";><\/div><\/p>\n","protected":false},"excerpt":{"rendered":"<p>Pace fatta. Il 30 agosto sembrava che l\u2019esperienza di Cateno De Luca come sindaco di Messina \u00a0fosse gi\u00e0 giunta al capolinea, le dimissioni paventate dopo la bocciatura della delibera sull\u2019Agenzia per il Risanamento\u00a0 sembravano aprire le porte ad un prematuro ritorno alle urne. L\u2019Agenzia per il Risanamento per\u00f2 ci sar\u00e0, cos\u00ec ecco che si \u00e8 [&hellip;]<\/p>\n","protected":false},"author":14,"featured_media":24013,"comment_status":"closed","ping_status":"open","sticky":false,"template":"","format":"standard","meta":{"ub_ctt_via":"","_mi_skip_tracking":false},"categories":[6],"tags":[],"featured_image_src":"https:\/\/www.messinaoggi.it\/website\/wp-content\/uploads\/2018\/09\/de-luca-2.jpg","author_info":{"display_name":"Antonio Macauda","author_link":"https:\/\/www.messinaoggi.it\/website\/author\/a-macauda\/"},"digistream_id":0,"digistream":false,"_links":{"self":[{"href":"https:\/\/www.messinaoggi.it\/website\/wp-json\/wp\/v2\/posts\/24012"}],"collection":[{"href":"https:\/\/www.messinaoggi.it\/website\/wp-json\/wp\/v2\/posts"}],"about":[{"href":"https:\/\/www.messinaoggi.it\/website\/wp-json\/wp\/v2\/types\/post"}],"author":[{"embeddable":true,"href":"https:\/\/www.messinaoggi.it\/website\/wp-json\/wp\/v2\/users\/14"}],"replies":[{"embeddable":true,"href":"https:\/\/www.messinaoggi.it\/website\/wp-json\/wp\/v2\/comments?post=24012"}],"version-history":[{"count":0,"href":"https:\/\/www.messinaoggi.it\/website\/wp-json\/wp\/v2\/posts\/24012\/revisions"}],"wp:featuredmedia":[{"embeddable":true,"href":"https:\/\/www.messinaoggi.it\/website\/wp-json\/wp\/v2\/media\/24013"}],"wp:attachment":[{"href":"https:\/\/www.messinaoggi.it\/website\/wp-json\/wp\/v2\/media?parent=24012"}],"wp:term":[{"taxonomy":"category","embeddable":true,"href":"https:\/\/www.messinaoggi.it\/website\/wp-json\/wp\/v2\/categories?post=24012"},{"taxonomy":"post_tag","embeddable":true,"href":"https:\/\/www.messinaoggi.it\/website\/wp-json\/wp\/v2\/tags?post=24012"}],"curies":[{"name":"wp","href":"https:\/\/api.w.org\/{rel}","templated":true}]}}