{"id":24000,"date":"2018-09-05T12:17:20","date_gmt":"2018-09-05T10:17:20","guid":{"rendered":"http:\/\/www.messinaoggi.it\/website\/?p=24000"},"modified":"2018-09-05T12:17:20","modified_gmt":"2018-09-05T10:17:20","slug":"castello-aragonese-comiso-vernissage-collettivo-dedicato-al-maestro-francesco-giombarresi","status":"publish","type":"post","link":"https:\/\/www.messinaoggi.it\/website\/2018\/09\/05\/castello-aragonese-comiso-vernissage-collettivo-dedicato-al-maestro-francesco-giombarresi\/","title":{"rendered":"Castello Aragonese Comiso: vernissage collettivo dedicato al maestro Francesco Giombarresi"},"content":{"rendered":"<p>\u00c8 tutto\u00a0 pronto per la prima collettiva internazionale d\u2019arte dedicata al pittore contadino \u201cFrancesco Giombarresi\u201d organizzata dall\u2019Associazione \u201cLa Via dell\u2019Arte\u201d con il Moica (Movimento Italiano Casalinghe) di Ragusa e l\u2019associazione\u00a0 Nasledie (Francia), che \u00a0dal 22 al 30 settembre animeranno \u00a0le giornate del castello Aragonese di Comiso. Protagonisti \u00a0dell\u2019evento gli artisti Oriana Galopin, Pino Noto, Nelly Fonte, Chiara Rappisi, Stefania Chiaraluce,\u00a0\u00a0 Amelia Perrone, Pamela Iuvara, Nadia Gaggioli, Graziella Puccia, Rosalba Guarnuccio, Daniela Bussolino, Noemi Scottino, Kiryanova Svitlana, Mario Vittoria, Filomena Granata, Cecilia Passeri, Vincenza Iuvara, Paola Grillo, Lauretta Bortolan, Sebestyen katalin, Sabrina Crisante, \u00a0Dobus Gyorgy, Dobus Dorka, Natalie Dupont, Franco Carletti, Luciana Palmerini, Pina Re, Irene Giudice, Silvana Mellacina, Mario Perrotta, Maria Luisa Urz\u00ec, Biagio Amatu, Angelo Criscione, Giovanni Di Pasquale, Giorgia Scrofani, Mary Anne Zammitt, Emilia Albergo, Rosanna Malandrino, Salvatore Pani, Noemi Martina Gizzi, Enzo Giummarra, Armando Nigro, Maria Di Pasquale, Erzen Sylisufi, Cettina Incremona, Lara Di Martino, Sara Occhipinti, Maria Carmela Occhipinti, Luciano Piccitto, Federica Bucalo , Eliana Agosta,\u00a0 Karina Lukasik, Vladislava Lakovenko, Roberto Fiderio, Ivana Guarini, Rosalba Guardiano, Pinuccia Cannarella, Maria Rosa Beghelli,\u00a0 Rosario Mazza, Florinda Giannone, Giusy Siragusa, Maria Teresa Scarso, Carmelo Battaglia, Rosetta Giombarresi, Pippo Giombarresi, Elena Campo, Rita Iacono, Claudio Schembari, Davide Di Martino,\u00a0 Pamela Siciliano, Luigi Campo, Giovanni\u00a0 Raimondi, Carla Pistola, Emanuela Iemmolo, Elisa Terranova, Agata Nicolosi, Giuseppe Scarpuzza, Marco Diara, Maria Luisa Barrano, Pino Razza, Francesca Mazzucchelli, Pina Modica e Giuseppe Ciarcia\u2019.<br \/>\n<img loading=\"lazy\" class=\"alignnone size-medium wp-image-24006\" src=\"http:\/\/www.messinaoggi.it\/website\/wp-content\/uploads\/2018\/09\/roberto-guccione-195x300.jpg\" alt=\"\" width=\"195\" height=\"300\" \/><br \/>\nL\u2019iniziativa, voluta dal direttore artistico Roberto Guccione e da Anna Ottaviano, presidente del Moica di Ragusa, in collaborazione con l\u2019amministrazione comunale, guidata dal sindaco Maria Rita Schembari, ha come obiettivo quello di omaggiare il pittore contadino Francesco Giombarresi, che visse la sua vita a Comiso e che venne definito da Pablo Picasso: \u201cun pittore grande grande che dipinge piccolo piccolo\u201d, dopo averlo incontrato in Spagna agli inizi degli anni \u201970.<br \/>\n <br \/>\n\u201cSecondo la critica ricorrente \u2013 afferma il direttore artistico della Collettiva, Roberto Guccione &#8211;\u00a0 la pittura di Giombarresi, eclettica e di respiro europeo, riassume in s\u00e9 l&#8217;ampio spettro dei caratteri dell&#8217;espressionismo e costituisce, sia pure in ritardo, uno dei pochi esempi di pittura fondata sulle tendenze e i valori che ispirarono, nel primo decennio del secolo, i gruppi di artisti riuniti in Germania nella &#8220;Brucke&#8221; e nel &#8220;Blaue Reiter&#8221; ed in Francia nei &#8220;Fauves&#8221; che, in polemica con il naturalismo positivista e impressionista e l&#8217;ottimismo borghese, espressero la loro concezione inquieta e problematica della realt\u00e0 con aspre dissonanze cromatiche e con le immagini angoscianti di una umanit\u00e0 sofferente. Uno degli aneddoti della carriera artistica di Giombarresi \u00e8 quello che riguarda i primi dipinti: furono realizzati sulle lenzuola che la moglie aveva steso ad asciugare. Giombarresi le strapp\u00f2 per farne tele su cui dipinse le sue prime opere. E\u2019 giusto \u2013 conclude Guccione &#8211; tributargli l\u2019onore dovuto ed \u00e8 corretto continuare ad impegnarci per il sociale ricordando tutti coloro i quali hanno servito, con dignit\u00e0 ed onore, la nostra terra\u201d.<br \/>\n\u201cLa collettiva, frutto di un minuzioso lavoro svolto dal Direttore artistico Guccione, segna un traguardo importante per il patrimonio storico-artistico del nostro territorio. La citt\u00e0 di Comiso \u2013 sottolinea l\u2019organizzatrice dell\u2019evento,\u00a0 Anna Ottaviano &#8211;\u00a0 ha avuto un ruolo fondamentale nella vita sociale e culturale del territorio ragusano e la ricchezza del vasto patrimonio di arte, che sar\u00e0 messo in mostra\u00a0 durante la Collettiva, metter\u00e0 in luce la ridente cittadina di Comiso. L\u2019arte \u00e8 la manifestazione della vita, della natura, del reale, dell\u2019infinito di cui ogni artista con l\u2019opera d\u2019arte cerca di rappresentare\u201d.<br \/>\n\u201cStare accanto al maestro Guccione ed a tutti gli artisti di respiro internazionale che verranno a Comiso dimostra ancora una volta che la nostra amata terra di Sicilia pu\u00f2 essere descritta attraverso la bellezza che fuoriesce dalle opere d\u2019arte realizzate dagli artisti-\u00a0racconta il responsabile dell\u2019ufficio stampa Valerio Martorana, Direttore della Rivista Voci Fraterne, organo ufficiale della Federazione Italiana Exallievi ed Exallieve di Don Bosco e presentatore dell\u2019evento con la collega Maria Grazia Cianciulli, dirigente Miur \u2013 con il maestro Guccione ci aspettano, a breve, altri due grandi impegni di respiro nazionale ed internazionale: ad Aviano, dal 1 al 3 ottobre, consegneremo al Centro di riferimento oncologico le opere d\u2019arte donate dagli artisti che hanno partecipato alla Collettiva di Mezzojuso in occasione della Festa della Repubblica ed in Francia, nel mese di aprile 2019, dove stiamo organizzando una Collettiva internazionale con Natalie Dupont Dutilloy, dell\u2019associazione Nasledie\u201d.<br \/>\nAll\u2019inaugurazione saranno presenti \u00a0lo scultore e pittore Nuccio Schepis, restauratore dei bronzi di Riace ed il sindaco di Mezzojuso, Salvatore Giardina. Nell\u2019occasione il violinista e direttore d\u2019orchestra Marta Pasquini sar\u00e0 insignita di un\u00a0 premio speciale. Il vernissage potr\u00e0 essere visitato sino al 30 dalle ore 10.30 alle ore 12.30 dalle ore 17.00 alle ore 20.30.<br \/>\nQueste le premesse per un evento che si preannuncia ricco d\u2019indescrivibili emozioni.<br \/>\n <br \/>\n <div id=\"div-gpt-ad-Messinaoggi.it-DSK-300x250-corpoart\" style=\"text-align:center;margin:0 auto;\"><\/div><\/p>\n<div id=\"videoincontent\" style=\"clear:both\";><\/div>","protected":false},"excerpt":{"rendered":"<p>\u00c8 tutto\u00a0 pronto per la prima collettiva internazionale d\u2019arte dedicata al pittore contadino \u201cFrancesco Giombarresi\u201d organizzata dall\u2019Associazione \u201cLa Via dell\u2019Arte\u201d con il Moica (Movimento Italiano Casalinghe) di Ragusa e l\u2019associazione\u00a0 Nasledie (Francia), che \u00a0dal 22 al 30 settembre animeranno \u00a0le giornate del castello Aragonese di Comiso. Protagonisti \u00a0dell\u2019evento gli artisti Oriana Galopin, Pino Noto, Nelly [&hellip;]<\/p>\n","protected":false},"author":5,"featured_media":24003,"comment_status":"closed","ping_status":"open","sticky":false,"template":"","format":"standard","meta":{"ub_ctt_via":"","_mi_skip_tracking":false},"categories":[16],"tags":[],"featured_image_src":"https:\/\/www.messinaoggi.it\/website\/wp-content\/uploads\/2018\/09\/Taglio-Collettiva-Mezzojuso-da-sx-verso-dx-salvatore-giardina-valerio-martorana-maria-grazia-cianciulli-e-roberto-guccione.jpg","author_info":{"display_name":"Maria Antonella Saia","author_link":"https:\/\/www.messinaoggi.it\/website\/author\/m-saia\/"},"digistream_id":0,"digistream":false,"_links":{"self":[{"href":"https:\/\/www.messinaoggi.it\/website\/wp-json\/wp\/v2\/posts\/24000"}],"collection":[{"href":"https:\/\/www.messinaoggi.it\/website\/wp-json\/wp\/v2\/posts"}],"about":[{"href":"https:\/\/www.messinaoggi.it\/website\/wp-json\/wp\/v2\/types\/post"}],"author":[{"embeddable":true,"href":"https:\/\/www.messinaoggi.it\/website\/wp-json\/wp\/v2\/users\/5"}],"replies":[{"embeddable":true,"href":"https:\/\/www.messinaoggi.it\/website\/wp-json\/wp\/v2\/comments?post=24000"}],"version-history":[{"count":0,"href":"https:\/\/www.messinaoggi.it\/website\/wp-json\/wp\/v2\/posts\/24000\/revisions"}],"wp:featuredmedia":[{"embeddable":true,"href":"https:\/\/www.messinaoggi.it\/website\/wp-json\/wp\/v2\/media\/24003"}],"wp:attachment":[{"href":"https:\/\/www.messinaoggi.it\/website\/wp-json\/wp\/v2\/media?parent=24000"}],"wp:term":[{"taxonomy":"category","embeddable":true,"href":"https:\/\/www.messinaoggi.it\/website\/wp-json\/wp\/v2\/categories?post=24000"},{"taxonomy":"post_tag","embeddable":true,"href":"https:\/\/www.messinaoggi.it\/website\/wp-json\/wp\/v2\/tags?post=24000"}],"curies":[{"name":"wp","href":"https:\/\/api.w.org\/{rel}","templated":true}]}}