{"id":23987,"date":"2018-09-05T10:01:08","date_gmt":"2018-09-05T08:01:08","guid":{"rendered":"http:\/\/www.messinaoggi.it\/website\/?p=23987"},"modified":"2018-09-05T10:01:08","modified_gmt":"2018-09-05T08:01:08","slug":"opere-degradate-e-non-sicure-anas-chiude-i-ponti-agro-e-fiumedinisi","status":"publish","type":"post","link":"https:\/\/www.messinaoggi.it\/website\/2018\/09\/05\/opere-degradate-e-non-sicure-anas-chiude-i-ponti-agro-e-fiumedinisi\/","title":{"rendered":"&quot;Opere degradate e non sicure&quot;, Anas chiude i ponti &quot;Agr\u00f2&quot; e &quot;Fiumedinisi&quot;"},"content":{"rendered":"<p>Brutte notizie per la viabilit\u00e0 in Sicilia. In seguito alle periodiche ispezioni effettuate dai tecnici di Anas \u00e8 stata disposta la chiusura dei ponti &#8220;Agr\u00f2&#8221; e &#8220;Fiumedinisi&#8221;, ubicati rispettivamente ai km 35,100 e 25,350 della Ss 114. E&#8217; quanto si legge in una nota dell&#8217;Anas, che sottolinea che &#8220;l&#8217;interdizione al traffico \u00e8 stata decisa, in via prudenziale, poich\u00e9 \u00e8 stato rilevato un aggravio delle condizioni di degrado delle due opere, che potrebbe costituire pregiudizio per la sicurezza della circolazione&#8221;.<br \/>\nIl transito viene deviato sulle passerelle, appositamente costruite da Anas per consentire i lavori di rifacimento dei due ponti. In particolare &#8211; conclude la nota &#8211; per il nuovo ponte &#8216;Agr\u00f2&#8217; \u00e8 stato pubblicato apposito bando di gara, mentre sono in fase di avvio le procedure di gara relative al ponte &#8216;Fiumedinisi&#8217;.<div id=\"div-gpt-ad-Messinaoggi.it-DSK-300x250-corpoart\" style=\"text-align:center;margin:0 auto;\"><\/div><\/p>\n<div id=\"videoincontent\" style=\"clear:both\";><\/div>","protected":false},"excerpt":{"rendered":"<p>Brutte notizie per la viabilit\u00e0 in Sicilia. In seguito alle periodiche ispezioni effettuate dai tecnici di Anas \u00e8 stata disposta la chiusura dei ponti &#8220;Agr\u00f2&#8221; e &#8220;Fiumedinisi&#8221;, ubicati rispettivamente ai km 35,100 e 25,350 della Ss 114. E&#8217; quanto si legge in una nota dell&#8217;Anas, che sottolinea che &#8220;l&#8217;interdizione al traffico \u00e8 stata decisa, in [&hellip;]<\/p>\n","protected":false},"author":4,"featured_media":23988,"comment_status":"closed","ping_status":"open","sticky":false,"template":"","format":"standard","meta":{"ub_ctt_via":"","_mi_skip_tracking":false},"categories":[13,15],"tags":[],"featured_image_src":"https:\/\/www.messinaoggi.it\/website\/wp-content\/uploads\/2018\/09\/Anas.jpg","author_info":{"display_name":"redme","author_link":"https:\/\/www.messinaoggi.it\/website\/author\/redme\/"},"digistream_id":0,"digistream":false,"_links":{"self":[{"href":"https:\/\/www.messinaoggi.it\/website\/wp-json\/wp\/v2\/posts\/23987"}],"collection":[{"href":"https:\/\/www.messinaoggi.it\/website\/wp-json\/wp\/v2\/posts"}],"about":[{"href":"https:\/\/www.messinaoggi.it\/website\/wp-json\/wp\/v2\/types\/post"}],"author":[{"embeddable":true,"href":"https:\/\/www.messinaoggi.it\/website\/wp-json\/wp\/v2\/users\/4"}],"replies":[{"embeddable":true,"href":"https:\/\/www.messinaoggi.it\/website\/wp-json\/wp\/v2\/comments?post=23987"}],"version-history":[{"count":0,"href":"https:\/\/www.messinaoggi.it\/website\/wp-json\/wp\/v2\/posts\/23987\/revisions"}],"wp:featuredmedia":[{"embeddable":true,"href":"https:\/\/www.messinaoggi.it\/website\/wp-json\/wp\/v2\/media\/23988"}],"wp:attachment":[{"href":"https:\/\/www.messinaoggi.it\/website\/wp-json\/wp\/v2\/media?parent=23987"}],"wp:term":[{"taxonomy":"category","embeddable":true,"href":"https:\/\/www.messinaoggi.it\/website\/wp-json\/wp\/v2\/categories?post=23987"},{"taxonomy":"post_tag","embeddable":true,"href":"https:\/\/www.messinaoggi.it\/website\/wp-json\/wp\/v2\/tags?post=23987"}],"curies":[{"name":"wp","href":"https:\/\/api.w.org\/{rel}","templated":true}]}}