{"id":23973,"date":"2018-09-04T17:37:49","date_gmt":"2018-09-04T15:37:49","guid":{"rendered":"http:\/\/www.messinaoggi.it\/website\/?p=23973"},"modified":"2018-09-04T17:37:49","modified_gmt":"2018-09-04T15:37:49","slug":"protesta-lavoratori-amam-de-luca-politica-e-sindacati-hanno-creato-solo-illusioni","status":"publish","type":"post","link":"https:\/\/www.messinaoggi.it\/website\/2018\/09\/04\/protesta-lavoratori-amam-de-luca-politica-e-sindacati-hanno-creato-solo-illusioni\/","title":{"rendered":"Protesta lavoratori Amam, De Luca: &quot;Politica e sindacati hanno creato solo illusioni&quot;"},"content":{"rendered":"<p style=\"text-align: justify\">\u201cOggi dobbiamo scontare gli errori della politica e di alcune organizzazioni sindacali che hanno creato illusioni occupazionali all\u2019interno delle societ\u00e0 partecipate\u201d. Cateno De Luca deve fronteggiare la prima protesta del suo mandato, questa mattina a Palazzo Zanca sindacati e quattordici lavoratori dell\u2019Amam sono giunti a Palazzo Zanca.<div id=\"div-gpt-ad-Messinaoggi.it-DSK-300x250-corpoart\" style=\"text-align:center;margin:0 auto;\"><\/div><\/p>\n<p style=\"text-align: justify\">L\u2019intento degli operatori era quello di incontrare il primo cittadino, il prossimo 6 settembre scadr\u00e0 il contratto con l\u2019azienda e la possibilit\u00e0 di restare senza occupazione \u00e8 pi\u00f9 che concreta. Il primo cittadino, dopo l\u2019incontro, ha aggiunto: \u201cio non sono disponibile a fare atti illeciti e non sono disponibile a mantenere personale in regime di proroga in violazione di legge. Tutte le forme di protesta sono legittime ma non consento a queste persone da me ricevute senza alcun appuntamento di proferire per le scale ed i meandri di Palazzo Zanca che \u201cil sindaco \u00e8\u2019 un pezzo di merda\u201d. Non temo ne\u2019 le pressioni ne\u2019 le minacce. Oggi ho appreso che si possono fare bandi pubblici per assumere personale all\u2019AMAM finalizzato per\u00f2 alla salvaguardia del posto di lavoro di persone che gi\u00e0 lavorano all\u2019AMAM ma sono in scadenza contrattuale non pi\u00f9 rinnovabile perch\u00e9 vietato dalle norme vigenti\u201d.<div id=\"videoincontent\" style=\"clear:both\";><\/div><\/p>\n<p> <\/p>\n","protected":false},"excerpt":{"rendered":"<p>\u201cOggi dobbiamo scontare gli errori della politica e di alcune organizzazioni sindacali che hanno creato illusioni occupazionali all\u2019interno delle societ\u00e0 partecipate\u201d. Cateno De Luca deve fronteggiare la prima protesta del suo mandato, questa mattina a Palazzo Zanca sindacati e quattordici lavoratori dell\u2019Amam sono giunti a Palazzo Zanca. L\u2019intento degli operatori era quello di incontrare il [&hellip;]<\/p>\n","protected":false},"author":14,"featured_media":23975,"comment_status":"closed","ping_status":"open","sticky":false,"template":"","format":"standard","meta":{"ub_ctt_via":"","_mi_skip_tracking":false},"categories":[6],"tags":[],"featured_image_src":"https:\/\/www.messinaoggi.it\/website\/wp-content\/uploads\/2018\/09\/de-luca-1.jpg","author_info":{"display_name":"Antonio Macauda","author_link":"https:\/\/www.messinaoggi.it\/website\/author\/a-macauda\/"},"digistream_id":0,"digistream":false,"_links":{"self":[{"href":"https:\/\/www.messinaoggi.it\/website\/wp-json\/wp\/v2\/posts\/23973"}],"collection":[{"href":"https:\/\/www.messinaoggi.it\/website\/wp-json\/wp\/v2\/posts"}],"about":[{"href":"https:\/\/www.messinaoggi.it\/website\/wp-json\/wp\/v2\/types\/post"}],"author":[{"embeddable":true,"href":"https:\/\/www.messinaoggi.it\/website\/wp-json\/wp\/v2\/users\/14"}],"replies":[{"embeddable":true,"href":"https:\/\/www.messinaoggi.it\/website\/wp-json\/wp\/v2\/comments?post=23973"}],"version-history":[{"count":0,"href":"https:\/\/www.messinaoggi.it\/website\/wp-json\/wp\/v2\/posts\/23973\/revisions"}],"wp:featuredmedia":[{"embeddable":true,"href":"https:\/\/www.messinaoggi.it\/website\/wp-json\/wp\/v2\/media\/23975"}],"wp:attachment":[{"href":"https:\/\/www.messinaoggi.it\/website\/wp-json\/wp\/v2\/media?parent=23973"}],"wp:term":[{"taxonomy":"category","embeddable":true,"href":"https:\/\/www.messinaoggi.it\/website\/wp-json\/wp\/v2\/categories?post=23973"},{"taxonomy":"post_tag","embeddable":true,"href":"https:\/\/www.messinaoggi.it\/website\/wp-json\/wp\/v2\/tags?post=23973"}],"curies":[{"name":"wp","href":"https:\/\/api.w.org\/{rel}","templated":true}]}}