{"id":23970,"date":"2018-09-04T20:10:24","date_gmt":"2018-09-04T18:10:24","guid":{"rendered":"http:\/\/www.messinaoggi.it\/website\/?p=23970"},"modified":"2018-09-04T20:10:24","modified_gmt":"2018-09-04T18:10:24","slug":"amam-14-lavoratori-rischiano-di-restare-a-spasso-i-sindacati-de-luca-faccia-luce-sul-futuro-dellazienda","status":"publish","type":"post","link":"https:\/\/www.messinaoggi.it\/website\/2018\/09\/04\/amam-14-lavoratori-rischiano-di-restare-a-spasso-i-sindacati-de-luca-faccia-luce-sul-futuro-dellazienda\/","title":{"rendered":"Amam, 14 lavoratori rischiano di restare a spasso. I sindacati: &quot;De Luca faccia luce sul futuro dell&#039;azienda&quot;"},"content":{"rendered":"<p style=\"text-align: justify;\">Quattordici lavoratori col fiato sospeso, ma tutta l\u2019Amam che attende di sapere quale destino l\u2019attender\u00e0. L\u2019estate sembra ormai conclusa dalle parti di Palazzo Zanca, dove il caldo \u00e8 tornato a dar spazio ai venti di protesta. Questa mattina a far sentire la propria voce sono dei lavoratori dell\u2019azienda idrica locale, che possono contare sull\u2019apporto di Cgil, Cisl e Uil, giunti a Palazzo Zanca per incontrare il sindaco Cateno De Luca. Quest\u2019ultimo, il 29 giugno scorso, ha firmato la delibera in cui si metteva in liquidazione l\u2019Amam, cos\u00ec adesso i sindacati dall\u2019amministrazione quale futuro ci sar\u00e0 in serbo per l\u2019azienda.<div id=\"div-gpt-ad-Messinaoggi.it-DSK-300x250-corpoart\" style=\"text-align:center;margin:0 auto;\"><\/div><\/p>\n<p style=\"text-align: justify;\">Senza dimenticare i quattordici lavoratori che questa mattina hanno incontrato il sindaco e che il prossimo 6 settembre vedranno scadere il proprio contratto di lavoro, \u201cCon la delibera del 29 giugno, il sindaco non ha solo dichiarato lo scioglimento dell\u2019azienda, ma anche le assunzioni. La presenza questi lavoratori \u2013 ha sottolineato il segretario generale della Cgil di Messina, Giovanni Mastroeni \u2013 \u00e8 fondamentale innanzitutto per garantire la manutenzione dell\u2019impianto idrico. Si rischia la paralisi, in citt\u00e0 potrebbe non arrivare pi\u00f9 l\u2019acqua dell\u2019Alcantara e questo non \u00e8 accettabile\u201d. Fa eco il segretario della Uil, Ivan Tripodi: \u201cVi \u00e8 la necessit\u00e0 che quel bando, congelato in modo unilaterale dal sindaco De Luca, venga riattivato. La citt\u00e0 rischia, avere un\u2019azienda idrica che vive sul filo del rasoio rappresenta un rischio per la collettivit\u00e0\u201d.<div id=\"videoincontent\" style=\"clear:both\";><\/div><\/p>\n","protected":false},"excerpt":{"rendered":"<p>Quattordici lavoratori col fiato sospeso, ma tutta l\u2019Amam che attende di sapere quale destino l\u2019attender\u00e0. L\u2019estate sembra ormai conclusa dalle parti di Palazzo Zanca, dove il caldo \u00e8 tornato a dar spazio ai venti di protesta. Questa mattina a far sentire la propria voce sono dei lavoratori dell\u2019azienda idrica locale, che possono contare sull\u2019apporto di [&hellip;]<\/p>\n","protected":false},"author":14,"featured_media":23971,"comment_status":"closed","ping_status":"open","sticky":false,"template":"","format":"standard","meta":{"ub_ctt_via":"","_mi_skip_tracking":false},"categories":[5],"tags":[],"featured_image_src":"https:\/\/www.messinaoggi.it\/website\/wp-content\/uploads\/2018\/09\/amam.jpg","author_info":{"display_name":"Antonio Macauda","author_link":"https:\/\/www.messinaoggi.it\/website\/author\/a-macauda\/"},"digistream_id":0,"digistream":false,"_links":{"self":[{"href":"https:\/\/www.messinaoggi.it\/website\/wp-json\/wp\/v2\/posts\/23970"}],"collection":[{"href":"https:\/\/www.messinaoggi.it\/website\/wp-json\/wp\/v2\/posts"}],"about":[{"href":"https:\/\/www.messinaoggi.it\/website\/wp-json\/wp\/v2\/types\/post"}],"author":[{"embeddable":true,"href":"https:\/\/www.messinaoggi.it\/website\/wp-json\/wp\/v2\/users\/14"}],"replies":[{"embeddable":true,"href":"https:\/\/www.messinaoggi.it\/website\/wp-json\/wp\/v2\/comments?post=23970"}],"version-history":[{"count":0,"href":"https:\/\/www.messinaoggi.it\/website\/wp-json\/wp\/v2\/posts\/23970\/revisions"}],"wp:featuredmedia":[{"embeddable":true,"href":"https:\/\/www.messinaoggi.it\/website\/wp-json\/wp\/v2\/media\/23971"}],"wp:attachment":[{"href":"https:\/\/www.messinaoggi.it\/website\/wp-json\/wp\/v2\/media?parent=23970"}],"wp:term":[{"taxonomy":"category","embeddable":true,"href":"https:\/\/www.messinaoggi.it\/website\/wp-json\/wp\/v2\/categories?post=23970"},{"taxonomy":"post_tag","embeddable":true,"href":"https:\/\/www.messinaoggi.it\/website\/wp-json\/wp\/v2\/tags?post=23970"}],"curies":[{"name":"wp","href":"https:\/\/api.w.org\/{rel}","templated":true}]}}