{"id":239350,"date":"2025-05-15T10:24:03","date_gmt":"2025-05-15T08:24:03","guid":{"rendered":"http:\/\/www.messinaoggi.it\/website\/?p=239350"},"modified":"2025-05-15T12:15:38","modified_gmt":"2025-05-15T10:15:38","slug":"la-cripta-del-duomo-riapre-al-pubblico","status":"publish","type":"post","link":"https:\/\/www.messinaoggi.it\/website\/2025\/05\/15\/la-cripta-del-duomo-riapre-al-pubblico\/","title":{"rendered":"la Cripta del Duomo riapre al pubblico"},"content":{"rendered":"\n<p>Dopo anni di chiusura e un importante intervento di restauro, la Cripta del Duomo di Messina sar\u00e0 nuovamente accessibile al pubblico a partire da domenica 1\u00b0 giugno 2025.  La cerimonia di riapertura \u00e8 prevista per le ore 11:45, nel contesto dei festeggiamenti in onore della Beata Vergine Maria della Lettera.  <div id=\"div-gpt-ad-Messinaoggi.it-DSK-300x250-corpoart\" style=\"text-align:center;margin:0 auto;\"><\/div><\/p>\n\n\n\n<p>I lavori di recupero, curati dalla Soprintendenza ai Beni Culturali e Ambientali di Messina e finanziati dalla Regione Siciliana con un contributo di 524.000 euro, hanno riguardato la messa in sicurezza strutturale, il consolidamento degli stucchi e degli affreschi, la posa in opera dei pavimenti normanno e seicentesco, l&#8217;installazione di un nuovo impianto di illuminazione e la realizzazione di una passerella per garantire l&#8217;accessibilit\u00e0 ai visitatori con disabilit\u00e0.  <div id=\"videoincontent\" style=\"clear:both\";><\/div><\/p>\n\n\n\n<p>La Cripta, risalente al 1081, rappresenta uno degli ambienti pi\u00f9 antichi e suggestivi della Cattedrale di Messina. Nel corso dei secoli, \u00e8 stata utilizzata come luogo di culto e sepoltura, ospitando anche la Confraternita di Santa Maria degli Schiavi nel XVII secolo.  <\/p>\n\n\n\n<p>Dopo il terremoto del 1908, l&#8217;accesso alla Cripta \u00e8 stato limitato, rendendola inaccessibile per lunghi periodi.  Il giorno successivo alla riapertura, luned\u00ec 2 giugno, la Cripta sar\u00e0 visitabile in occasione della &#8220;Notte Mariana&#8221;, offrendo ai cittadini e ai turisti un&#8217;opportunit\u00e0 unica per ammirare questo tesoro storico-artistico nel cuore della citt\u00e0.  <\/p>\n\n\n\n<p>La riapertura della Cripta del Duomo rappresenta un importante passo verso la valorizzazione del patrimonio culturale di Messina, offrendo ai visitatori un&#8217;esperienza unica e contribuendo a rafforzare l&#8217;attrattiva turistica della citt\u00e0. <\/p>\n","protected":false},"excerpt":{"rendered":"<p>Dopo anni di chiusura e un importante intervento di restauro, la Cripta del Duomo di Messina sar\u00e0 nuovamente accessibile al pubblico a partire da domenica 1\u00b0 giugno 2025. La cerimonia di riapertura \u00e8 prevista per le ore 11:45, nel contesto dei festeggiamenti in onore della Beata Vergine Maria della Lettera. I lavori di recupero, curati [&hellip;]<\/p>\n","protected":false},"author":15,"featured_media":66954,"comment_status":"open","ping_status":"open","sticky":false,"template":"","format":"standard","meta":{"ub_ctt_via":"","_mi_skip_tracking":false},"categories":[16,19],"tags":[2081,1747,2990],"featured_image_src":"https:\/\/www.messinaoggi.it\/website\/wp-content\/uploads\/2021\/05\/Cripta-duomo.jpg","author_info":{"display_name":"red.me","author_link":"https:\/\/www.messinaoggi.it\/website\/author\/red-me\/"},"digistream_id":0,"digistream":false,"_links":{"self":[{"href":"https:\/\/www.messinaoggi.it\/website\/wp-json\/wp\/v2\/posts\/239350"}],"collection":[{"href":"https:\/\/www.messinaoggi.it\/website\/wp-json\/wp\/v2\/posts"}],"about":[{"href":"https:\/\/www.messinaoggi.it\/website\/wp-json\/wp\/v2\/types\/post"}],"author":[{"embeddable":true,"href":"https:\/\/www.messinaoggi.it\/website\/wp-json\/wp\/v2\/users\/15"}],"replies":[{"embeddable":true,"href":"https:\/\/www.messinaoggi.it\/website\/wp-json\/wp\/v2\/comments?post=239350"}],"version-history":[{"count":4,"href":"https:\/\/www.messinaoggi.it\/website\/wp-json\/wp\/v2\/posts\/239350\/revisions"}],"predecessor-version":[{"id":239354,"href":"https:\/\/www.messinaoggi.it\/website\/wp-json\/wp\/v2\/posts\/239350\/revisions\/239354"}],"wp:featuredmedia":[{"embeddable":true,"href":"https:\/\/www.messinaoggi.it\/website\/wp-json\/wp\/v2\/media\/66954"}],"wp:attachment":[{"href":"https:\/\/www.messinaoggi.it\/website\/wp-json\/wp\/v2\/media?parent=239350"}],"wp:term":[{"taxonomy":"category","embeddable":true,"href":"https:\/\/www.messinaoggi.it\/website\/wp-json\/wp\/v2\/categories?post=239350"},{"taxonomy":"post_tag","embeddable":true,"href":"https:\/\/www.messinaoggi.it\/website\/wp-json\/wp\/v2\/tags?post=239350"}],"curies":[{"name":"wp","href":"https:\/\/api.w.org\/{rel}","templated":true}]}}