{"id":23908,"date":"2018-09-03T12:29:00","date_gmt":"2018-09-03T10:29:00","guid":{"rendered":"http:\/\/www.messinaoggi.it\/website\/?p=23908"},"modified":"2018-09-03T12:29:00","modified_gmt":"2018-09-03T10:29:00","slug":"aspettando-la-notte-darte-nella-citta-dello-stretto","status":"publish","type":"post","link":"https:\/\/www.messinaoggi.it\/website\/2018\/09\/03\/aspettando-la-notte-darte-nella-citta-dello-stretto\/","title":{"rendered":"Aspettando la Notte d&#039;Arte nella Citt\u00e0 dello Stretto"},"content":{"rendered":"<p>Tutto \u00e8 pronto per la \u201cNotte d\u2019Arte&#8221; che avr\u00e0 luogo sabato 15 e domenica 16 nelle pi\u00f9 suggestive location di Messina: da Palazzo Zanca alla Galleria Vittorio Emanuele, passando per la Camera di Commercio, Palazzo dei Leoni, piazza Antonello, piazza Unione Europea e per finire \u00a0Piazza Duomo. Il progetto ideato e organizzato dall\u2019Associazione Culturale \u201cImpronte Messina&#8221;,\u00a0 presieduta da Marisa Arena e presentato dall\u2019attrice e presentatrice Daniela Conti, ospiter\u00e0 le migliori capacit\u00e0 artistiche e professionali della Citt\u00e0 dello Stretto.<br \/>\nLe esposizioni collettive di pittura, scultura, fotografia ed artigianato d\u2019eccellenza resteranno aperte al pubblico durante l\u2019intera durata della manifestazione, si alterneranno invece esibizioni artistiche, workshop e stage.<br \/>\nL&#8217;obiettivo di &#8220;Notte D&#8217;arte&#8221; \u00e8 mirato a sensibilizzare i cittadini ai problemi esposti dalle varie Onlus di Messina,\u00a0 promuovere le Associazioni\u00a0 e le attivit\u00e0 delle stesse, raccogliere i fondi necessari per finanziare i loro progetti di utilit\u00e0 sociale. Valorizzare l\u2019Arte come mezzo di aggregazione, scambio e confronto.<br \/>\nTra i punti informativi che saranno allestiti quelli delle associazioni CCSVI sclerosi Multipla Sicilia, Soccorriamoli Messina onlus, Fasted Messina.<br \/>\n <br \/>\n\u201cNotte d\u2019Arte\u201d \u00e8 una manifestazione senza scopi commerciali, rivolta a tutti i cittadini. Gli ingressi e le partecipazioni a tutti gli eventi saranno gratuiti.<br \/>\nQui di seguito il calendario completo\u00a0 degli eventi:<br \/>\nPalazzo Zanca<br \/>\n <br \/>\nCerimonia Inaugurale<br \/>\n\u201cLa Rete dei borghi\u201d a cura dell\u2019Arch. M.\u00a0 Palamara<br \/>\n\u201cMuseo del Mare Itinerante\u201d VII ed.\u00a0 di F. Pilato<br \/>\nMostra di Arte Contemporanea: Allio, Arena, De Pasquale, Lanese, Togo.<br \/>\n\u201cTanti per Tutti\u201d mostra fotografica itinerante a cura di FIAF e CSVnet.<br \/>\n <br \/>\nGalleria Vittorio Emanuele<br \/>\n <br \/>\nEsposizione di progetti \u201cIdee per Messina\u201d patr. dall\u2019Ordine degli Architetti a cura dell\u2019Arch. M. Palamara<br \/>\n <br \/>\nMostra fotografica \u201cMessina in foto\u201d a cura di D. Lupica: Mento, Lupica, Luvar\u00e0, Passaro, Ruvolo<br \/>\n <br \/>\nEsposizione di Artigianato locale e di Arte Contemporanea<br \/>\n <br \/>\nEsibizione Live di Vittorio Notarnicola (musicista di strada)<br \/>\n <br \/>\nPiazza Antonello<br \/>\n <br \/>\n\u201cLa Messinesit\u00e0\u201d: Reading di poesia, Esibizioni, Musica e Spettacoli teatrali a cura di E. Bordonaro con la partecipazione dell\u2019Ass. Tersicore e di A. Siciliano<br \/>\n <br \/>\nBody Painting ed Artisti di strada a cura dell\u2019Ass. Artistica Be Art<br \/>\n <br \/>\nPalazzo dei Leoni<br \/>\n <br \/>\nMostra\u00a0 di Arte contemporanea:\u00a0 Amos, Cacciola, Cesareo, Coletta, Crisafulli, Curr\u00f2,\u00a0 Delfino, Ela, Giunta, Lo Piano, Mondello, Oteri<br \/>\n <br \/>\nEsposizione di Origami e sculture Lignee di A. Soffli\u00a0\u00a0 Esposizione di Liuteria artigianale e Jam Sassion a cura di S.Saldaneri<br \/>\n <br \/>\nProiezione di una selezione dei cortometraggi vincitori della 50esima edizione del Fotogramma d&#8217;Oro Short Film Festival 2018, a cura di Francesco Coglitore. Presenta Noemi David<br \/>\n <br \/>\nCamera di commercio<br \/>\n <br \/>\n\u201cL\u2018arte abbraccia la camera di commercio\u201d esposizione di pittura contemporanea<br \/>\nPiazza Unione Europea<br \/>\n <br \/>\n\u201cModa e Arte sotto le stelle\u201d\u00a0 a cura dell\u2019Agenzia C.M.S. di C. Bellezza con Natale Muna\u00f2. Ospiti: M. Minutoli, M. Catania, T. Cucuccio. Special guest Sara Tommasi\u00a0\u00a0\u00a0\u00a0 \u201cCDR Music in Concert\u201d\u00a0 Special guest il tenore lirico leggero G. Italiano in collaborazione con Agenzia Coccinella di Melina Trifiro\u2019<br \/>\n <br \/>\nPiazza Duomo<br \/>\n <br \/>\n\u201dEsibizioni di Musical e Danza\u201d Accademia di danza \u201cArts\u201d a cura di R.Doddis e Accademia di musical e recitazione \u201cOn Stage\u201d a cura di P. Acacia, S. Lanza e C. Gravina<br \/>\n <br \/>\n\u201dEsibizioni e coreografie scuole di danza\u201d a cura di P. Alessandro e C. Capillo<br \/>\n <br \/>\nA seguire Dj Set<br \/>\n <br \/>\nTutte le mostre saranno visitabili anche domenica 16 dalle ore 10.00 alle ore 22.00 Direzione Artistica: A. Arena G. Pistorio<br \/>\nTutte le mostre saranno visitabili anche domenica 16 dalle ore 10.00 alle ore 22.00<div id=\"div-gpt-ad-Messinaoggi.it-DSK-300x250-corpoart\" style=\"text-align:center;margin:0 auto;\"><\/div><\/p>\n<div id=\"videoincontent\" style=\"clear:both\";><\/div>","protected":false},"excerpt":{"rendered":"<p>Tutto \u00e8 pronto per la \u201cNotte d\u2019Arte&#8221; che avr\u00e0 luogo sabato 15 e domenica 16 nelle pi\u00f9 suggestive location di Messina: da Palazzo Zanca alla Galleria Vittorio Emanuele, passando per la Camera di Commercio, Palazzo dei Leoni, piazza Antonello, piazza Unione Europea e per finire \u00a0Piazza Duomo. Il progetto ideato e organizzato dall\u2019Associazione Culturale \u201cImpronte [&hellip;]<\/p>\n","protected":false},"author":5,"featured_media":10353,"comment_status":"closed","ping_status":"open","sticky":false,"template":"","format":"standard","meta":{"ub_ctt_via":"","_mi_skip_tracking":false},"categories":[16],"tags":[],"featured_image_src":"https:\/\/www.messinaoggi.it\/website\/wp-content\/uploads\/2017\/10\/palazzo-zanca-messina.jpg","author_info":{"display_name":"Maria Antonella Saia","author_link":"https:\/\/www.messinaoggi.it\/website\/author\/m-saia\/"},"digistream_id":0,"digistream":false,"_links":{"self":[{"href":"https:\/\/www.messinaoggi.it\/website\/wp-json\/wp\/v2\/posts\/23908"}],"collection":[{"href":"https:\/\/www.messinaoggi.it\/website\/wp-json\/wp\/v2\/posts"}],"about":[{"href":"https:\/\/www.messinaoggi.it\/website\/wp-json\/wp\/v2\/types\/post"}],"author":[{"embeddable":true,"href":"https:\/\/www.messinaoggi.it\/website\/wp-json\/wp\/v2\/users\/5"}],"replies":[{"embeddable":true,"href":"https:\/\/www.messinaoggi.it\/website\/wp-json\/wp\/v2\/comments?post=23908"}],"version-history":[{"count":0,"href":"https:\/\/www.messinaoggi.it\/website\/wp-json\/wp\/v2\/posts\/23908\/revisions"}],"wp:featuredmedia":[{"embeddable":true,"href":"https:\/\/www.messinaoggi.it\/website\/wp-json\/wp\/v2\/media\/10353"}],"wp:attachment":[{"href":"https:\/\/www.messinaoggi.it\/website\/wp-json\/wp\/v2\/media?parent=23908"}],"wp:term":[{"taxonomy":"category","embeddable":true,"href":"https:\/\/www.messinaoggi.it\/website\/wp-json\/wp\/v2\/categories?post=23908"},{"taxonomy":"post_tag","embeddable":true,"href":"https:\/\/www.messinaoggi.it\/website\/wp-json\/wp\/v2\/tags?post=23908"}],"curies":[{"name":"wp","href":"https:\/\/api.w.org\/{rel}","templated":true}]}}