{"id":238995,"date":"2025-05-13T10:06:21","date_gmt":"2025-05-13T08:06:21","guid":{"rendered":"http:\/\/www.messinaoggi.it\/website\/?p=238995"},"modified":"2025-05-13T10:06:24","modified_gmt":"2025-05-13T08:06:24","slug":"massimo-boldi-ospite-del-mare-festival-a-salina","status":"publish","type":"post","link":"https:\/\/www.messinaoggi.it\/website\/2025\/05\/13\/massimo-boldi-ospite-del-mare-festival-a-salina\/","title":{"rendered":"Massimo Boldi ospite del &#8220;Mare Festival&#8221; a Salina"},"content":{"rendered":"\n<p>Oltre 70 film girati nell\u2019arco di sei decenni di attivit\u00e0: sempre amato e apprezzato da un pubblico ampio ed eterogeneo:\u00a0<strong>Massimo Boldi<\/strong>, 80 anni a luglio prossimo, ricever\u00e0 il Premio Massimo Troisi a Salina, l&#8217;isola che fu set de \u201cIl Postino\u201d, considerato il testamento cinematografico troisiano.\u00a0<div id=\"div-gpt-ad-Messinaoggi.it-DSK-300x250-corpoart\" style=\"text-align:center;margin:0 auto;\"><\/div><\/p>\n\n\n\n<p>La XIV edizione di Marefestival si svolger\u00e0 <strong>da venerd\u00ec 13 a domenica 15 giugno<\/strong>: tre giornate ricche di cinema e cultura che all\u2019inizio dell\u2019estate trasformano Salina in una piccola capitale del grande schermo con un ricco parterre di ospiti. Anche per il 2025 la madrina della manifestazione sar\u00e0 <strong>Maria Grazia Cucinotta<\/strong>, interprete del film candidato nel 1996 a 5 Premi Oscar e vincitore di una statuetta per la musica: \u201cUn appuntamento immancabile nella mia agenda &#8211; spiega l\u2019attrice &#8211; perch\u00e9 continuo a girare il mondo e mi rendo conto che \u201cIl Postino\u201d \u00e8 rimasto nel cuore della gente, in alcuni Paesi lo fanno vedere anche nelle scuole. Quando capita di riascoltare le note della colonna sonora di Luis Bacalov, vengono in mente le scene bucoliche, romantiche, profonde, piene d\u2019amore girate a Pollara e in altre magnifiche location mozzafiato. Massimo non \u00e8 morto, vive attraverso le sue opere e noi ogni anno lo celebriamo nei luoghi dell\u2019arcipelago eoliano che ha tanto amato\u201d. <div id=\"videoincontent\" style=\"clear:both\";><\/div><\/p>\n\n\n\n<p>Boldi sar\u00e0 ospite nelle prime due serate, venerd\u00ec 13 e sabato 14, ripercorrer\u00e0 i momenti salienti della sua poliedrica carriera, iniziata nel 1963 e che lo ha portato a lavorare  con i migliori maestri e i pi\u00f9 grandi protagonisti della commedia italiana: da Corbucci a Vanzina, da Salce a Pozzetto, da Villaggio a Castellano e Pipolo, da Oldoini a Parenti, recitando a fianco di numeri uno e formando insieme con Christian De Sica, una delle coppie pi\u00f9 divertenti e iconiche, grazie del lungo filone del \u201ccinepanettone\u201d. Ma non solo attore comico, Boldi ha saputo spaziare dal cabaret alla televisione e alla musica. \u201cSiamo onorati di accogliere a Salina un interprete simbolo della nostra comicit\u00e0 come Boldi &#8211; commenta <strong>Massimiliano Cavaleri<\/strong>, direttore artistico della kermesse e fondatore del Premio insieme con <strong>Patrizia Casale<\/strong> e <strong>Francesco Cappello<\/strong> &#8211; non esiste italiano che non abbia visto i suoi innumerevoli successi che hanno segnato in modo significativo la storia della risata <em>made in Italy\u201d. <\/em><\/p>\n\n\n\n<p>Marefestival Salina Premio Troisi, che nel 2023 e 2024 \u00e8 stato patrocinato dal Ministero della Cultura e da una serie di istituzioni regionali, \u00e8 presentato dalla giornalista <strong>Nadia La Malfa<\/strong>; autore delle interviste <strong>Giovanni Pontillo<\/strong>. Nelle passate 13 edizioni sono stati consegnati 90 Premi Troisi a big del cinema tra cui: Matt Dillon, Pupi Avati, Sergio Castellitto, Miriam Leone, Edoardo Leo, Giovanni Veronesi, Fausto Brizzi, Roberto And\u00f2, Neri Parenti, Giorgio Pasotti, Lunetta Savino, Francesco Pannofino, Lino Banfi, Giorgio Tirabassi, Anna Galiena, Alessandro Haber, Sabrina Impacciatore, Ricky Tognazzi, Serena Autieri, Valeria Solarino, Simona Izzo, Pif\u2026 solo per citarne alcuni. <\/p>\n","protected":false},"excerpt":{"rendered":"<p>Oltre 70 film girati nell\u2019arco di sei decenni di attivit\u00e0: sempre amato e apprezzato da un pubblico ampio ed eterogeneo:\u00a0Massimo Boldi, 80 anni a luglio prossimo, ricever\u00e0 il Premio Massimo Troisi a Salina, l&#8217;isola che fu set de \u201cIl Postino\u201d, considerato il testamento cinematografico troisiano.\u00a0 La XIV edizione di Marefestival si svolger\u00e0 da venerd\u00ec 13 [&hellip;]<\/p>\n","protected":false},"author":2,"featured_media":238996,"comment_status":"open","ping_status":"open","sticky":false,"template":"","format":"standard","meta":{"ub_ctt_via":"","_mi_skip_tracking":false},"categories":[13,17,14],"tags":[],"featured_image_src":"https:\/\/www.messinaoggi.it\/website\/wp-content\/uploads\/2025\/05\/Massimo-Boldi.jpg","author_info":{"display_name":"Redazione","author_link":"https:\/\/www.messinaoggi.it\/website\/author\/redazione\/"},"digistream_id":0,"digistream":false,"_links":{"self":[{"href":"https:\/\/www.messinaoggi.it\/website\/wp-json\/wp\/v2\/posts\/238995"}],"collection":[{"href":"https:\/\/www.messinaoggi.it\/website\/wp-json\/wp\/v2\/posts"}],"about":[{"href":"https:\/\/www.messinaoggi.it\/website\/wp-json\/wp\/v2\/types\/post"}],"author":[{"embeddable":true,"href":"https:\/\/www.messinaoggi.it\/website\/wp-json\/wp\/v2\/users\/2"}],"replies":[{"embeddable":true,"href":"https:\/\/www.messinaoggi.it\/website\/wp-json\/wp\/v2\/comments?post=238995"}],"version-history":[{"count":1,"href":"https:\/\/www.messinaoggi.it\/website\/wp-json\/wp\/v2\/posts\/238995\/revisions"}],"predecessor-version":[{"id":238997,"href":"https:\/\/www.messinaoggi.it\/website\/wp-json\/wp\/v2\/posts\/238995\/revisions\/238997"}],"wp:featuredmedia":[{"embeddable":true,"href":"https:\/\/www.messinaoggi.it\/website\/wp-json\/wp\/v2\/media\/238996"}],"wp:attachment":[{"href":"https:\/\/www.messinaoggi.it\/website\/wp-json\/wp\/v2\/media?parent=238995"}],"wp:term":[{"taxonomy":"category","embeddable":true,"href":"https:\/\/www.messinaoggi.it\/website\/wp-json\/wp\/v2\/categories?post=238995"},{"taxonomy":"post_tag","embeddable":true,"href":"https:\/\/www.messinaoggi.it\/website\/wp-json\/wp\/v2\/tags?post=238995"}],"curies":[{"name":"wp","href":"https:\/\/api.w.org\/{rel}","templated":true}]}}