{"id":238801,"date":"2025-05-11T19:08:37","date_gmt":"2025-05-11T17:08:37","guid":{"rendered":"https:\/\/www.messinaoggi.it\/website\/2025\/05\/11\/ucraina-le-pen-obiettivo-di-macron-e-davvero-la-pace\/"},"modified":"2025-05-11T19:08:37","modified_gmt":"2025-05-11T17:08:37","slug":"ucraina-le-pen-obiettivo-di-macron-e-davvero-la-pace","status":"publish","type":"post","link":"https:\/\/www.messinaoggi.it\/website\/2025\/05\/11\/ucraina-le-pen-obiettivo-di-macron-e-davvero-la-pace\/","title":{"rendered":"Ucraina, Le Pen \u201cObiettivo di Macron \u00e8 davvero la pace?\u201d"},"content":{"rendered":"<div>ROMA (ITALPRESS) &#8211; &#8220;I volenterosi di Macron? Non \u00e8 la prima volta che il presidente francese cerca di intervenire, ma sempre senza successo. Sono d&#8217;accordo che non dobbiamo lasciare solo a Trump e Putin la ricerca di una soluzione, ma mi chiedo: Macron cosa sta facendo per la pace? Il suo obiettivo \u00e8 davvero la pace? C&#8217;\u00e8 una ambiguit\u00e0&#8221;. Cos\u00ec la leader del Rassemblement National, Marine Le Pen, a margine della scuola di formazione politica della Lega.<br \/>&#8220;Il nuovo Papa si \u00e8 rivolto a tutta la popolazione con parole di speranza e ha messo al centro il tema della pace. Sono parole che non possiamo far altro che sottoscrivere&#8221;, ha aggiunto.<br \/>(ITALPRESS).<br \/>-Foto: Ipa Agency-<\/div>\n<div id=\"div-gpt-ad-Messinaoggi.it-DSK-300x250-corpoart\" style=\"text-align:center;margin:0 auto;\"><\/div><\/p><div id=\"videoincontent\" style=\"clear:both\";><\/div>","protected":false},"excerpt":{"rendered":"<p>ROMA (ITALPRESS) &#8211; &#8220;I volenterosi di Macron? Non \u00e8 la prima volta che il presidente francese cerca di intervenire, ma sempre senza successo. Sono d&#8217;accordo che non dobbiamo lasciare solo a Trump e Putin la ricerca di una soluzione, ma mi chiedo: Macron cosa sta facendo per la pace? Il suo obiettivo \u00e8 davvero la [&hellip;]<\/p>\n","protected":false},"author":18,"featured_media":238802,"comment_status":"closed","ping_status":"closed","sticky":false,"template":"","format":"standard","meta":{"ub_ctt_via":"","_mi_skip_tracking":false},"categories":[446],"tags":[783],"featured_image_src":"https:\/\/www.messinaoggi.it\/website\/wp-content\/uploads\/2025\/05\/20250511_1324.jpg","author_info":{"display_name":"Admin","author_link":"https:\/\/www.messinaoggi.it\/website\/author\/admin\/"},"digistream_id":0,"digistream":false,"_links":{"self":[{"href":"https:\/\/www.messinaoggi.it\/website\/wp-json\/wp\/v2\/posts\/238801"}],"collection":[{"href":"https:\/\/www.messinaoggi.it\/website\/wp-json\/wp\/v2\/posts"}],"about":[{"href":"https:\/\/www.messinaoggi.it\/website\/wp-json\/wp\/v2\/types\/post"}],"author":[{"embeddable":true,"href":"https:\/\/www.messinaoggi.it\/website\/wp-json\/wp\/v2\/users\/18"}],"replies":[{"embeddable":true,"href":"https:\/\/www.messinaoggi.it\/website\/wp-json\/wp\/v2\/comments?post=238801"}],"version-history":[{"count":0,"href":"https:\/\/www.messinaoggi.it\/website\/wp-json\/wp\/v2\/posts\/238801\/revisions"}],"wp:featuredmedia":[{"embeddable":true,"href":"https:\/\/www.messinaoggi.it\/website\/wp-json\/wp\/v2\/media\/238802"}],"wp:attachment":[{"href":"https:\/\/www.messinaoggi.it\/website\/wp-json\/wp\/v2\/media?parent=238801"}],"wp:term":[{"taxonomy":"category","embeddable":true,"href":"https:\/\/www.messinaoggi.it\/website\/wp-json\/wp\/v2\/categories?post=238801"},{"taxonomy":"post_tag","embeddable":true,"href":"https:\/\/www.messinaoggi.it\/website\/wp-json\/wp\/v2\/tags?post=238801"}],"curies":[{"name":"wp","href":"https:\/\/api.w.org\/{rel}","templated":true}]}}