{"id":238645,"date":"2025-05-09T17:08:41","date_gmt":"2025-05-09T15:08:41","guid":{"rendered":"https:\/\/www.messinaoggi.it\/website\/2025\/05\/09\/tudor-pronti-per-la-lazio-convinti-di-centrare-la-champions\/"},"modified":"2025-05-09T17:08:41","modified_gmt":"2025-05-09T15:08:41","slug":"tudor-pronti-per-la-lazio-convinti-di-centrare-la-champions","status":"publish","type":"post","link":"https:\/\/www.messinaoggi.it\/website\/2025\/05\/09\/tudor-pronti-per-la-lazio-convinti-di-centrare-la-champions\/","title":{"rendered":"Tudor \u201cPronti per la Lazio, convinti di centrare la Champions\u201d"},"content":{"rendered":"<div>TORINO (ITALPRESS) &#8211; <em>&#8220;A Bologna \u00e8 stata fatta una buona partita da parte di tutti, l&#8217;obiettivo \u00e8 essere sempre quel tipo di squadra: andare avanti e fare male, oltre che difendere tutti insieme quando c&#8217;\u00e8 da farlo&#8221;<\/em>. Cos\u00ec il tecnico della<strong> Juventus, Igor Tudor,<\/strong> alla vigilia della sfida in casa della<strong> Lazio, altro scontro diretto per la Champions dopo quello con i felsinei<\/strong>.<div id=\"div-gpt-ad-Messinaoggi.it-DSK-300x250-corpoart\" style=\"text-align:center;margin:0 auto;\"><\/div><\/p>\n<p><em>&#8220;Abbiamo fatto una bella settimana, vedo maggiore consapevolezza e fiducia nei propri mezzi, conosciamo l&#8217;importanza della partita e ci siamo preparati al meglio&#8221;<\/em>, spiega in conferenza stampa l&#8217;allenatore croato, che \u00e8 perfettamente consapevole del peso della posta in palio, ma conosce bene la comunicazione del calcio. <em>&#8220;Sento parlare di finale da 6-7 partite ormai, \u00e8 sempre cos\u00ec<\/em> &#8211; dice ancora Tudor &#8211;<em> E&#8217; una sfida importante, ma che fai la vinci e poi perdi le altre due? Ci sono 9 punti in palio, devi vincerle tutte, sono tutte uguali, poi questa \u00e8 la partita pi\u00f9 importante perch\u00e8 \u00e8 la prossima&#8221;.<\/em><div id=\"videoincontent\" style=\"clear:both\";><\/div><\/p>\n<p>L&#8217;ex difensore bianconero, con un passato sulla panchina della Lazio, per il match recupera <strong>Vlahovic<\/strong>: <em>&#8220;Ha fatto tutta la settimana con noi, sta bene, Gatti ha fatto una piccola parte di un allenamento, lo portiamo in panchina e vediamo. Douglas Luiz? Gli voglio bene, \u00e8 un giocatore forte e spero che potr\u00e0 darci una mano fino alla fine&#8221;<\/em>.<\/p>\n<p><em> &#8220;Io non sono mai contento<\/em> &#8211; assicura il mister juventino &#8211; <em>Un allenatore deve essere cos\u00ec, poi ci sono stati pezzi di partite di grande livello, in generale sono soddisfatto, vedo tanta positivit\u00e0, ma bisogna essere sempre esigenti, altrimenti non c&#8217;\u00e8 crescita, non accontentarsi mai \u00e8 la chiave della crescita. L&#8217;obiettivo Champions? Chiaro che siamo convinti di farcela, \u00e8 normale pensare di essere pi\u00f9 forti, ma poi devi dimostrarlo in campo, tutti sono convinti di farcela, ma le parole sono tante volte fumo, bisogna prepararsi bene perch\u00e8 \u00e8 sul campo che si crea la convinzione&#8221;,<\/em> conclude Tudor.<br \/>\n&#8211; Foto Ipa Agency &#8211;<br \/>\n(ITALPRESS).<\/div>\n","protected":false},"excerpt":{"rendered":"<p>TORINO (ITALPRESS) &#8211; &#8220;A Bologna \u00e8 stata fatta una buona partita da parte di tutti, l&#8217;obiettivo \u00e8 essere sempre quel tipo di squadra: andare avanti e fare male, oltre che difendere tutti insieme quando c&#8217;\u00e8 da farlo&#8221;. Cos\u00ec il tecnico della Juventus, Igor Tudor, alla vigilia della sfida in casa della Lazio, altro scontro diretto [&hellip;]<\/p>\n","protected":false},"author":18,"featured_media":238646,"comment_status":"closed","ping_status":"closed","sticky":false,"template":"","format":"standard","meta":{"ub_ctt_via":"","_mi_skip_tracking":false},"categories":[446],"tags":[783],"featured_image_src":"https:\/\/www.messinaoggi.it\/website\/wp-content\/uploads\/2025\/05\/20250509_1286.jpg","author_info":{"display_name":"Admin","author_link":"https:\/\/www.messinaoggi.it\/website\/author\/admin\/"},"digistream_id":0,"digistream":false,"_links":{"self":[{"href":"https:\/\/www.messinaoggi.it\/website\/wp-json\/wp\/v2\/posts\/238645"}],"collection":[{"href":"https:\/\/www.messinaoggi.it\/website\/wp-json\/wp\/v2\/posts"}],"about":[{"href":"https:\/\/www.messinaoggi.it\/website\/wp-json\/wp\/v2\/types\/post"}],"author":[{"embeddable":true,"href":"https:\/\/www.messinaoggi.it\/website\/wp-json\/wp\/v2\/users\/18"}],"replies":[{"embeddable":true,"href":"https:\/\/www.messinaoggi.it\/website\/wp-json\/wp\/v2\/comments?post=238645"}],"version-history":[{"count":0,"href":"https:\/\/www.messinaoggi.it\/website\/wp-json\/wp\/v2\/posts\/238645\/revisions"}],"wp:featuredmedia":[{"embeddable":true,"href":"https:\/\/www.messinaoggi.it\/website\/wp-json\/wp\/v2\/media\/238646"}],"wp:attachment":[{"href":"https:\/\/www.messinaoggi.it\/website\/wp-json\/wp\/v2\/media?parent=238645"}],"wp:term":[{"taxonomy":"category","embeddable":true,"href":"https:\/\/www.messinaoggi.it\/website\/wp-json\/wp\/v2\/categories?post=238645"},{"taxonomy":"post_tag","embeddable":true,"href":"https:\/\/www.messinaoggi.it\/website\/wp-json\/wp\/v2\/tags?post=238645"}],"curies":[{"name":"wp","href":"https:\/\/api.w.org\/{rel}","templated":true}]}}