{"id":23859,"date":"2018-09-01T11:28:29","date_gmt":"2018-09-01T09:28:29","guid":{"rendered":"http:\/\/www.messinaoggi.it\/website\/?p=23859"},"modified":"2018-09-01T11:28:29","modified_gmt":"2018-09-01T09:28:29","slug":"torna-il-giro-podistico-delle-isole-eolie-lunedi-il-primo-start-a-vulcano","status":"publish","type":"post","link":"https:\/\/www.messinaoggi.it\/website\/2018\/09\/01\/torna-il-giro-podistico-delle-isole-eolie-lunedi-il-primo-start-a-vulcano\/","title":{"rendered":"Torna il Giro podistico delle Isole Eolie. Luned\u00ec il primo start a Vulcano"},"content":{"rendered":"<p align=\"JUSTIFY\"><span style=\"color: #000000\"><span style=\"font-family: Arial, sans-serif\">Mancano appena due giorni prima che prenda avvio la 18esima edizione del \u201cGiro Podistico delle Isole Eolie&#8221;, che prevede quest&#8217;anno la partecipazione di quasi 100 podisti. In particolare, il primo start sar\u00e0 alle ore 10 di luned\u00ec 3 settembre presso le famose Sorgenti Termali di Vulcano. Dunque domani pomeriggio, domenica 2, avverr\u00e0 la tradizionale consegna dei pettorali, alla quale seguir\u00e0 la presentazione tecnica dell\u2019evento.<\/span><\/span><div id=\"div-gpt-ad-Messinaoggi.it-DSK-300x250-corpoart\" style=\"text-align:center;margin:0 auto;\"><\/div><\/p>\n<p align=\"JUSTIFY\"><span style=\"color: #000000\">\u201c<span style=\"font-family: Arial, sans-serif\"><i>Il Giro si fa davvero grande \u2013 <\/i>dichiara Francesco Cut\u00e8, responsabile della Mediterranea Trekking \u2013 <i>diciotto edizioni rappresentano un bel traguardo. Il perfetto binomio tra sport e turismo viene impreziosito da cultura e gastronomia, che rendono ancora pi\u00f9 gradevole il soggiorno alle Eolie. Al di l\u00e0 della competizione, i runner ed i loro familiari ed accompagnatori trascorreranno una speciale settimana di vacanza e noi saremo lieti di ospitarli\u201d. <\/i><\/span><\/span><div id=\"videoincontent\" style=\"clear:both\";><\/div><\/p>\n<p align=\"JUSTIFY\"><span style=\"color: #000000\"><span style=\"font-family: Arial, sans-serif\">La manifestazione FIDAL, organizzata dalla Polisportiva Europa del presidente Costantino Crisafulli in sinergia con la Mediterranea Trekking, proporr\u00e0 subito un impegnativo e \u201cmuscolare\u201d circuito di 7,3 km, caratterizzato dal periplo di Vulcanello della lunghezza di 2.000 metri, da completare tre volte. Nel dettaglio, i podisti correranno immersi in uno stupendo paesaggio, faticando per l\u2019alternanza di salite (con pendenze tra il 6% e l\u20198%) e discese. <\/span><\/span><\/p>\n<p align=\"JUSTIFY\"><span style=\"color: #000000\"><span style=\"font-family: Arial, sans-serif\">Il programma prevede poi marted\u00ec 4 il trasferimento a Lipari per l\u2019Acquacalda-Canneto, mercoled\u00ec 5 il temuto \u201ctappone\u201d di Salina di 14,2 km, con partenza ed arrivo a Santa Marina e \u201cgiro di boa\u201d a Malfa, gioved\u00ec 6 il meritato giorno di riposo, venerd\u00ec 7 il ritorno a Lipari e sabato 8 il finale a Vulcano, che preceder\u00e0 la premiazione.<\/span><\/span><\/p>\n<p align=\"JUSTIFY\"><span style=\"color: #000000\"><span style=\"font-family: Arial, sans-serif\">Tra gli atleti pi\u00f9 attesi figurano un poker di vincitori di passate edizioni: Luigi Guidetti (Corradini Rubiera), che \u00e8 salito sul gradino pi\u00f9 alto del podio per sei anni di fila dal 2005 al 2010, Salvatore Franzese, in forza all\u2019Atletica Reggio, trionfatore sulle strade eoliane dal 2013 al 2015, Laura Ricci, anche lei della Corradini Rubiera, che ha scritto due volte il proprio nome nell\u2019albo d\u2019oro (2002 e 2013), e la peloritana Francesca Colafati della Fidippide, impostasi nel 2015. Franzese e la Ricci sono i favoriti per il successo pure in questa edizione. Puntano alle posizioni di vertice: Ronal Mento, altro messinese tesserato per l\u2019Atletica La Fenice Milano, Fausto Barbieri della Gabbi Bologna, Valentina Gualandi (Polisportiva Zola) e Roberta Lodesani della Corradini Rubiera. Non si escludono, comunque, sorprese. <\/span><\/span><\/p>\n","protected":false},"excerpt":{"rendered":"<p>Mancano appena due giorni prima che prenda avvio la 18esima edizione del \u201cGiro Podistico delle Isole Eolie&#8221;, che prevede quest&#8217;anno la partecipazione di quasi 100 podisti. In particolare, il primo start sar\u00e0 alle ore 10 di luned\u00ec 3 settembre presso le famose Sorgenti Termali di Vulcano. Dunque domani pomeriggio, domenica 2, avverr\u00e0 la tradizionale consegna [&hellip;]<\/p>\n","protected":false},"author":8,"featured_media":23862,"comment_status":"closed","ping_status":"open","sticky":false,"template":"","format":"standard","meta":{"ub_ctt_via":"","_mi_skip_tracking":false},"categories":[8,9],"tags":[],"featured_image_src":"https:\/\/www.messinaoggi.it\/website\/wp-content\/uploads\/2018\/09\/Partenza-Lipari-quarta-tappa-giro-podistico-isole-eolie.jpg","author_info":{"display_name":"red..me","author_link":"https:\/\/www.messinaoggi.it\/website\/author\/redstage\/"},"digistream_id":0,"digistream":false,"_links":{"self":[{"href":"https:\/\/www.messinaoggi.it\/website\/wp-json\/wp\/v2\/posts\/23859"}],"collection":[{"href":"https:\/\/www.messinaoggi.it\/website\/wp-json\/wp\/v2\/posts"}],"about":[{"href":"https:\/\/www.messinaoggi.it\/website\/wp-json\/wp\/v2\/types\/post"}],"author":[{"embeddable":true,"href":"https:\/\/www.messinaoggi.it\/website\/wp-json\/wp\/v2\/users\/8"}],"replies":[{"embeddable":true,"href":"https:\/\/www.messinaoggi.it\/website\/wp-json\/wp\/v2\/comments?post=23859"}],"version-history":[{"count":0,"href":"https:\/\/www.messinaoggi.it\/website\/wp-json\/wp\/v2\/posts\/23859\/revisions"}],"wp:featuredmedia":[{"embeddable":true,"href":"https:\/\/www.messinaoggi.it\/website\/wp-json\/wp\/v2\/media\/23862"}],"wp:attachment":[{"href":"https:\/\/www.messinaoggi.it\/website\/wp-json\/wp\/v2\/media?parent=23859"}],"wp:term":[{"taxonomy":"category","embeddable":true,"href":"https:\/\/www.messinaoggi.it\/website\/wp-json\/wp\/v2\/categories?post=23859"},{"taxonomy":"post_tag","embeddable":true,"href":"https:\/\/www.messinaoggi.it\/website\/wp-json\/wp\/v2\/tags?post=23859"}],"curies":[{"name":"wp","href":"https:\/\/api.w.org\/{rel}","templated":true}]}}