{"id":238583,"date":"2025-05-09T10:02:04","date_gmt":"2025-05-09T08:02:04","guid":{"rendered":"http:\/\/www.messinaoggi.it\/website\/?p=238583"},"modified":"2025-05-10T09:31:53","modified_gmt":"2025-05-10T07:31:53","slug":"neurolesi-abbandono-delegazione-trattante-uil-fpl-chiediamo-audizione-in-commissione","status":"publish","type":"post","link":"https:\/\/www.messinaoggi.it\/website\/2025\/05\/09\/neurolesi-abbandono-delegazione-trattante-uil-fpl-chiediamo-audizione-in-commissione\/","title":{"rendered":"Neurolesi, abbandono delegazione trattante. Uil-Fpl: \u201cChiediamo audizione in  Commissione\u201d"},"content":{"rendered":"\n<p>La Uil-Fpl, attraverso una nota indirizzata ai vertici dell\u2019IRCCS Neurolesi e ai vertici della Sanit\u00e0, spiega i motivi dell\u2019abbandono della riunione della delegazione trattante e, allo stesso tempo, chiede audizione alla VI Commissione regionale Sanit\u00e0. La nota \u00e8 a firma di <strong>Livio Andronico<\/strong> e <strong>Maurizio Celona<\/strong>, rispettivamente segretario generale e segretario organizzativo della Uil-Fpl Messina.<div id=\"div-gpt-ad-Messinaoggi.it-DSK-300x250-corpoart\" style=\"text-align:center;margin:0 auto;\"><\/div><\/p>\n\n\n\n<figure class=\"wp-block-image size-large\"><img loading=\"lazy\" width=\"1024\" height=\"461\" src=\"http:\/\/www.messinaoggi.it\/website\/wp-content\/uploads\/2023\/05\/0-12-1024x461.jpg\" alt=\"\" class=\"wp-image-156315\" srcset=\"https:\/\/www.messinaoggi.it\/website\/wp-content\/uploads\/2023\/05\/0-12-1024x461.jpg 1024w, https:\/\/www.messinaoggi.it\/website\/wp-content\/uploads\/2023\/05\/0-12-300x135.jpg 300w, https:\/\/www.messinaoggi.it\/website\/wp-content\/uploads\/2023\/05\/0-12-768x346.jpg 768w, https:\/\/www.messinaoggi.it\/website\/wp-content\/uploads\/2023\/05\/0-12-1536x691.jpg 1536w, https:\/\/www.messinaoggi.it\/website\/wp-content\/uploads\/2023\/05\/0-12.jpg 1600w\" sizes=\"(max-width: 1024px) 100vw, 1024px\" \/><figcaption><strong>Da sinistra Maurizio Celona e Livio Andronico della Uil-Fpl Messina<\/strong><\/figcaption><\/figure>\n\n\n\n<p>\u201c<em>La scrivente organizzazione sindacale, nello stigmatizzare il reiterato comportamento di codesta amministrazione nei confronti delle organizzazioni sindacali, in merito al mancato rispetto dell\u2019orario di convocazione, ha costretto la UILFPL ad abbandonare la sede di riunione del 7 maggio 2025, stante che, dopo oltre 45 minuti nessun componente della direzione strategica si \u00e8 presentato per avviare i lavori previsti all\u2019ordine del giorno. Tutto ci\u00f2, ci lascia alquanto perplessi poich\u00e9, gli argomenti previsti all\u2019ordine del giorno coinvolgono numerosi lavoratori, che tra alcuni giorni si troveranno con il contratto in scadenza, senza alcuna garanzia da parte del management, nonostante le reiterate note della UIL, inviate, per ottenere risposte certe sulla proroga finalizzata alla stabilizzazione ed a tutt\u2019oggi prive di riscontro. Sig.re Direttore, oggi abbiamo finalmente capito che, l\u2019amministrazione da Lei diretta, se ne infischia del destino dei lavoratori che attendono da parecchio tempo la stabilizzazione e lo dimostra il fatto che in modo inoperoso non \u00e8 stata neanche prevista la proroga finalizzata alla stabilizzazione, contrariamente a quanto sta avvenendo in tutte le aziende della provincia di Messina e dell\u2019intera Regione Sicilia. In questa amministrazione, a nostro avviso, regna un caos organizzativo, pi\u00f9 volte denunciato dalla scrivente, infatti, non riusciamo a comprendere come si possa chiedere l\u2019utilizzo delle risorse del fondo dei lavoratori, che depauperano le quote di produttivit\u00e0 dei dipendenti, soltanto per garantire l\u2019assistenza presso l\u2019U.O. Hanseniani, permettendo altres\u00ec ad un infermiere, ex coordinatore dell\u2019Area degli Ambulatori, di svolgere non si capisce bene cosa, all\u2019interno della predetta U.O.. Allo stesso modo, non riusciamo a comprendere per quale motivo codesta amministrazione, inserisca quale punto all\u2019ordine del giorno \u201cla rideterminazione dell\u2019indennit\u00e0 economica per alcuni incarichi di funzione, per premiare probabilmente alcuni amministrativi che hanno ottenuto l\u2019incarico a nostro avviso in palese violazione dei requisiti previsti dal bando stesso. Tutto ci\u00f2, mortifica i coordinatori ff, stante che, codesta amministrazione ha sospeso da parecchio tempo il riconoscimento delle indennit\u00e0 previste dal CCNL per il ruolo rivestito, creando disagi agli stessi ed alle loro famiglie\u201d<\/em>.<div id=\"videoincontent\" style=\"clear:both\";><\/div><\/p>\n\n\n\n<p>E\u2019 quanto si legge nel documento sindacale. Poi vengono elencate le criticit\u00e0.<\/p>\n\n\n\n<p>\u201cInoltre, sempre a causa dell\u2019inerzia di codesta amministrazione si continua ad assistere<\/p>\n\n\n\n<p>a: una gestione che appare inadeguata del direttore sanitario, che abitualmente rinvia le decisioni da adottare, come per esempio l\u2019autorizzazione per le prestazioni aggiuntive effettuate dai lavoratori nel mese di marzo 2025.<\/p>\n\n\n\n<p>b: Pubblicazione di 4 bandi per il reperimento del personale OSS, di cui uno revocato e sostituito, causando confusione tra molti candidati, ignari della revoca del succitato bando.<\/p>\n\n\n\n<p>c: Personale altamente qualificato, in ambito amministrativo e informatico, che piuttosto che attendere il riconoscimento della loro professionalit\u00e0 acquisita, hanno scelto di concorrere presso altre aziende della regione Sicilia, stante che, codesta amministrazione non utilizza i mezzi idonei per valorizzare le professionalit\u00e0 interne, come pure nel caso delle progressioni verticali che vede come data ultima il termine del 30 giugno 2025.<\/p>\n\n\n\n<p>d: Incomprensibile modifica unilaterale dell\u2019orario di lavoro, sia del personale amministrativo che del personale infermieristico con funzioni di coordinamento, di cui si reitera la revoca immediata.<\/p>\n\n\n\n<p>e: Assenza di risposte certe riguardo la graduatoria definitiva dei DEP<\/p>\n\n\n\n<p>f: Assenza di risposte certe riguardo l\u2019accreditamento dei Buoni Pasto.<\/p>\n\n\n\n<p>g: Assenza di risposte certe riguardo l\u2019avvio della procedura per il pagamento della Produttivit\u00e0 anno 2024.<\/p>\n\n\n\n<p>Detto ci\u00f2, la scrivente organizzazione sindacale gradirebbe che la S.V. si assumesse le responsabilit\u00e0 previste dal ruolo rivestito, senza demandare ad altri, affinch\u00e9 definisca ed attui gli indirizzi strategici organizzando le risorse umane tecniche e finanziarie per garantire l\u2019efficienza e l\u2019efficacia dei presidi ospedalieri, supervisionando sulle azioni del direttore amministrativo e del direttore sanitario. La scrivente organizzazione sindacale, auspica inoltre, che per il futuro, l\u2019amministrazione da Lei rappresentata, riesca ad instaurare le corrette relazioni sindacali con l\u2019obiettivo comune di risolvere le problematiche dei dipendenti.<\/p>\n\n\n\n<p>Al Presidente della sesta commissione sanit\u00e0 On. G. Laccoto, cos\u00ec come all\u2019Assessore Regionale della Salute Dott.ssa Daniela Faraoni, in indirizzo, chiediamo di essere auditi unitamente ad una delegazione di lavoratori dell\u2019IRCCS Neurolesi che da anni attendono di essere stabilizzati&#8221;.<\/p>\n\n\n\n<p>Conclude la nota sindacale.<\/p>\n","protected":false},"excerpt":{"rendered":"<p>La Uil-Fpl, attraverso una nota indirizzata ai vertici dell\u2019IRCCS Neurolesi e ai vertici della Sanit\u00e0, spiega i motivi dell\u2019abbandono della riunione della delegazione trattante e, allo stesso tempo, chiede audizione alla VI Commissione regionale Sanit\u00e0. La nota \u00e8 a firma di Livio Andronico e Maurizio Celona, rispettivamente segretario generale e segretario organizzativo della Uil-Fpl Messina. [&hellip;]<\/p>\n","protected":false},"author":2,"featured_media":41517,"comment_status":"open","ping_status":"open","sticky":false,"template":"","format":"standard","meta":{"ub_ctt_via":"","_mi_skip_tracking":false},"categories":[6],"tags":[],"featured_image_src":"https:\/\/www.messinaoggi.it\/website\/wp-content\/uploads\/2020\/03\/BD67C42F-FEE4-481C-B611-2F79AF0F7450.jpeg","author_info":{"display_name":"Redazione","author_link":"https:\/\/www.messinaoggi.it\/website\/author\/redazione\/"},"digistream_id":0,"digistream":false,"_links":{"self":[{"href":"https:\/\/www.messinaoggi.it\/website\/wp-json\/wp\/v2\/posts\/238583"}],"collection":[{"href":"https:\/\/www.messinaoggi.it\/website\/wp-json\/wp\/v2\/posts"}],"about":[{"href":"https:\/\/www.messinaoggi.it\/website\/wp-json\/wp\/v2\/types\/post"}],"author":[{"embeddable":true,"href":"https:\/\/www.messinaoggi.it\/website\/wp-json\/wp\/v2\/users\/2"}],"replies":[{"embeddable":true,"href":"https:\/\/www.messinaoggi.it\/website\/wp-json\/wp\/v2\/comments?post=238583"}],"version-history":[{"count":2,"href":"https:\/\/www.messinaoggi.it\/website\/wp-json\/wp\/v2\/posts\/238583\/revisions"}],"predecessor-version":[{"id":238708,"href":"https:\/\/www.messinaoggi.it\/website\/wp-json\/wp\/v2\/posts\/238583\/revisions\/238708"}],"wp:featuredmedia":[{"embeddable":true,"href":"https:\/\/www.messinaoggi.it\/website\/wp-json\/wp\/v2\/media\/41517"}],"wp:attachment":[{"href":"https:\/\/www.messinaoggi.it\/website\/wp-json\/wp\/v2\/media?parent=238583"}],"wp:term":[{"taxonomy":"category","embeddable":true,"href":"https:\/\/www.messinaoggi.it\/website\/wp-json\/wp\/v2\/categories?post=238583"},{"taxonomy":"post_tag","embeddable":true,"href":"https:\/\/www.messinaoggi.it\/website\/wp-json\/wp\/v2\/tags?post=238583"}],"curies":[{"name":"wp","href":"https:\/\/api.w.org\/{rel}","templated":true}]}}