{"id":23846,"date":"2018-09-01T09:41:00","date_gmt":"2018-09-01T07:41:00","guid":{"rendered":"http:\/\/www.messinaoggi.it\/website\/?p=23846"},"modified":"2018-09-01T09:41:00","modified_gmt":"2018-09-01T07:41:00","slug":"agenzie-di-buonsenso-ne-meline-ne-ramanzine-di-emilio-fragale","status":"publish","type":"post","link":"https:\/\/www.messinaoggi.it\/website\/2018\/09\/01\/agenzie-di-buonsenso-ne-meline-ne-ramanzine-di-emilio-fragale\/","title":{"rendered":"Agenzie di buonsenso, n\u00e8 meline n\u00e8 ramanzine. Di Emilio Fragale"},"content":{"rendered":"<p style=\"text-align: justify\">Pi\u00f9 che l\u2019Agenzia per il Risanamento, servirebbe quella per il buonsenso. L\u2019ex city manager del Comune, Emilio Fragale, analizza lo stato di caos politico in\u00a0 cui \u00e8 ripiombato Palazzo Zanca, dopo le dimissioni annunciate da Cateno De Luca due giorni fa, a seguito della boccatura, da parte del Consiglio Comunale, della delibera sull\u2019Agenzia per il Risanamento.<div id=\"div-gpt-ad-Messinaoggi.it-DSK-300x250-corpoart\" style=\"text-align:center;margin:0 auto;\"><\/div><\/p>\n<p style=\"text-align: justify\">\u201cIn un articolo del Corriere della Sera del marzo 2016 a firma di Giuseppe De Rita si leggeva \u201cil decisionismo politico porta certamente al primato del comando; ma questo rimane nullo senza una catena del comando che trasmetta alle strutture amministrative e alle periferie del sistema le opzioni di vertice\u201d. Ancora &#8230; \u201cin questo deficit di trasmissione dettagliata &#8230; la volont\u00e0 politica resta un potere nudo, spesso di mero annuncio, senza seguito concreto\u201d. Nessuna organizzazione pubblica o privata pu\u00f2 vivere senza creare spazi e tessuti di relazioni e di reciprocit\u00e0. La democrazia, a tutti i livelli e in tutte le sfere, vive (vivacchia!?) di equilibri tra chi \u00e8 chiamato a governare e chi \u00e8 chiamato a controllare. Solo Winston Churchill poteva permettersi il lusso di affermare \u201cla democrazia funziona quando a decidere sono in due e uno dei due \u00e8 malato\u201d. Il sindaco di Messina on. De Luca, che giornalmente conquista simpatie presso chi \u00e8 stanco e snervato da tattiche e meline simil-attendiste e\/o defatigatorie, rischia &#8211; tuttavia &#8211; di avvitarsi attorno alla maschera di chi volendo tutto e subito non riesce a controllare i piedi che saltellano uniti (in uno con pugni chiusi) come quelli dei bambini capricciosi. Ha ragione quando richiede approfondimenti, emendamenti, soluzioni. Ha ragione quando esige celerit\u00e0 e impegno. Ha torto quando pensa di potere by-passare attraverso i social i canali delle relazioni sindacali (della contrattazione e della concertazione). Ha torto quando pensa di potere cavalcare l\u2019ostilit\u00e0 diffusa nei confronti della burocrazia perch\u00e9 al Comune e nelle partecipate non vi sono solo fannulloni e imboscati ma anche dirigenti, funzionari e impiegati seri e preparati. Ha torto quando si arroga di attribuzioni e competenze in dispregio della distinzione tra prerogative della politica e quelle della macchina della amministrazione. Ha torto quando pensa di mettere in mora il Consiglio Comunale dettando itinerari e tempi di marcia incompatibili con una sede istituzionale dalle dinamiche complesse. Il c.d. \u201cbene della citt\u00e0\u201d \u00e8 &#8211; per l\u2019appunto &#8211; troppo prezioso per essere confinato a leziosa ramanzina. La \u201cP\u201dolitica e i \u201cP\u201dartiti a Messina si dimostreranno malati se lasceranno in (pi\u00f9 o meno beata) solitudine i consiglieri comunali\u201d.<div id=\"videoincontent\" style=\"clear:both\";><\/div><\/p>\n","protected":false},"excerpt":{"rendered":"<p>Pi\u00f9 che l\u2019Agenzia per il Risanamento, servirebbe quella per il buonsenso. L\u2019ex city manager del Comune, Emilio Fragale, analizza lo stato di caos politico in\u00a0 cui \u00e8 ripiombato Palazzo Zanca, dopo le dimissioni annunciate da Cateno De Luca due giorni fa, a seguito della boccatura, da parte del Consiglio Comunale, della delibera sull\u2019Agenzia per il [&hellip;]<\/p>\n","protected":false},"author":15,"featured_media":21814,"comment_status":"closed","ping_status":"open","sticky":false,"template":"","format":"standard","meta":{"ub_ctt_via":"","_mi_skip_tracking":false},"categories":[6],"tags":[],"featured_image_src":"https:\/\/www.messinaoggi.it\/website\/wp-content\/uploads\/2018\/07\/De-Luca-con-presidente-e-vicepresidenti-Consiglio-messinaoggiMarcyRuggi-1.jpg","author_info":{"display_name":"red.me","author_link":"https:\/\/www.messinaoggi.it\/website\/author\/red-me\/"},"digistream_id":0,"digistream":false,"_links":{"self":[{"href":"https:\/\/www.messinaoggi.it\/website\/wp-json\/wp\/v2\/posts\/23846"}],"collection":[{"href":"https:\/\/www.messinaoggi.it\/website\/wp-json\/wp\/v2\/posts"}],"about":[{"href":"https:\/\/www.messinaoggi.it\/website\/wp-json\/wp\/v2\/types\/post"}],"author":[{"embeddable":true,"href":"https:\/\/www.messinaoggi.it\/website\/wp-json\/wp\/v2\/users\/15"}],"replies":[{"embeddable":true,"href":"https:\/\/www.messinaoggi.it\/website\/wp-json\/wp\/v2\/comments?post=23846"}],"version-history":[{"count":0,"href":"https:\/\/www.messinaoggi.it\/website\/wp-json\/wp\/v2\/posts\/23846\/revisions"}],"wp:featuredmedia":[{"embeddable":true,"href":"https:\/\/www.messinaoggi.it\/website\/wp-json\/wp\/v2\/media\/21814"}],"wp:attachment":[{"href":"https:\/\/www.messinaoggi.it\/website\/wp-json\/wp\/v2\/media?parent=23846"}],"wp:term":[{"taxonomy":"category","embeddable":true,"href":"https:\/\/www.messinaoggi.it\/website\/wp-json\/wp\/v2\/categories?post=23846"},{"taxonomy":"post_tag","embeddable":true,"href":"https:\/\/www.messinaoggi.it\/website\/wp-json\/wp\/v2\/tags?post=23846"}],"curies":[{"name":"wp","href":"https:\/\/api.w.org\/{rel}","templated":true}]}}