{"id":23844,"date":"2018-09-01T08:56:42","date_gmt":"2018-09-01T06:56:42","guid":{"rendered":"http:\/\/www.messinaoggi.it\/website\/?p=23844"},"modified":"2018-09-01T08:56:42","modified_gmt":"2018-09-01T06:56:42","slug":"caos-risanamento-da-de-luca-nessun-passo-indietro-pronto-a-scatenare-un-catemoto-30-settembre-giorno-del-commiato","status":"publish","type":"post","link":"https:\/\/www.messinaoggi.it\/website\/2018\/09\/01\/caos-risanamento-da-de-luca-nessun-passo-indietro-pronto-a-scatenare-un-catemoto-30-settembre-giorno-del-commiato\/","title":{"rendered":"Caos Risanamento, da De Luca nessun passo indietro: &quot;Pronto a scatenare un catemoto&quot;"},"content":{"rendered":"<p style=\"text-align: justify\">Un video di 5 minuti pubblicato sulla propria pagina facebook, l\u2019ennesimo messaggio alla citt\u00e0 in cui Cateno De Luca non nasconde la propria amarezza e si dice pronto a fare un passo indietro. A 48 ore dallo scontro con il Consiglio Comunale per la bocciatura della delibera sull\u2019Agenzia per il Risanamento, il primo cittadino non abbassa i toni della contesa, anzi, rincara la dose, ribadendo come l\u2019ipotesi dimissioni siano un\u2019ipotesi pi\u00f9 che concreta.<div id=\"div-gpt-ad-Messinaoggi.it-DSK-300x250-corpoart\" style=\"text-align:center;margin:0 auto;\"><\/div><\/p>\n<p style=\"text-align: justify\">L\u2019appello lanciato ai consiglieri all\u2019indomani del proprio insediamento, affinch\u00e8 si collabori per il bene della citt\u00e0, sembra gi\u00e0 saltato cos\u00ec De Luca si dice pronto a tornare alle urne: <em>\u201cLo scontro che si \u00e8 consumato in Consiglio Comunale non \u00e8 un semplice scontro politico, in quanto pone al cospetto della citt\u00e0 due modelli. Da una parte ci sono io che penso che la politica sia fatta di pensieri, azioni e risultati rapidi, dall\u2019altra parte c\u2019\u00e8 chi crede ancora alle discussioni e, forse, ai risultati in tempi incompatibili con le esigenze di una citt\u00e0 in ginocchio. Non posso collaborare con chi convoca le riunioni del Consiglio Comunale in orari da dopolavoro, io sono il sindaco di Messina e con la mia Giunta abbiamo l\u2019obbligo di far rinascere questa citt\u00e0 in tempi brevi. Noi abbiamo consegnato tutti i documenti ai capigruppo il 10 agosto, non voglio pi\u00f9 sentire discussioni sulla tempistica: i tempi li detta l\u2019amministrazione\u201d.<\/em><div id=\"videoincontent\" style=\"clear:both\";><\/div><\/p>\n<p style=\"text-align: justify\">De Luca rincara la dose: <em>\u201cIl Consiglio fa politica seguendo riti che nulla hanno a che fare con la grave situazione in cui versa la citt\u00e0. Io non posso essere schiavo di questi riti, ma soprattutto di richieste che mi vengono fatte fuori dall\u2019aula come se io sia il rappresentante di logiche politiche spartitorie. Questo \u00e8 un \u201ccatemoto\u201d cio\u00e8 un maremoto politico\u201d.<\/em><\/p>\n<p style=\"text-align: justify\">Poco prima \u00e8 comparso questo stato, sempre sulla pagina facebook del sindaco: <em>\u201cLa democrazia \u00e8 confronto ed anche scontro e richiede i suoi tempi ed io ne sono consapevole. Non posso accettare per\u00f2 che la democrazia sia un interminabile rito che genera sfiducia e danni irreversibile a causa delle decisioni assunte in ritardo o, peggio ancora, a causa di decisioni non assunte. Di fronte ad un corpo moribondo vi immaginate la discussione tra medici che non trovano l\u2019accordo sulla cura ? La discussione sicuramente \u00e8 giusta ma i protagonisti, pur sapendo che il paziente rischia di morire da un secondo all\u2019altro, preferisco non intervenire perch\u00e9 non vogliono assumersi la responsabilit\u00e0 dell\u2019errore o dell\u2019 inadeguatezza della cura che potrebbe rivelarsi fatale. Spesso infatti si preferisce continuare a discutere nella consapevolezza che \u00e8 meglio far morire da solo il paziente (morte naturale) pur di non essere additato di essere stato la causa della morte del paziente per l\u2019inadeguatezza dell\u2019intervento curativo. La politica, e soprattutto l\u2019amministrazione delle comunit\u00e0, \u00e8\u2019 una vera e propria assunzione di responsabilit\u00e0 che richiede molto spesso decisioni forti e celeri. Io sono per la politica del fare sempre e comunque nella consapevolezza di attirare sulla mia pelle delle responsabilit\u00e0 eccessive ed anche deleterie per la mia persona: preferisco fare ma non stare comodamente a guardare nella consapevolezza che il passare del tempo rende inutile la mia decisone ma deresponsabilizza la mia persona. Altri preferiscono non fare, mascherandosi con riti insiti nella cosiddetta democrazia pur di non rischiare di sporcarsi ed avere sempre la possibilit\u00e0 di poter dire: io ho le mani pulite e non \u00e8 colpa mia ma \u00e8 colpa degli altri ! O devo cambiare mestiere io oppure altri devono prepararsi a cambiare definitivamente mestier<\/em>e\u201d.<\/p>\n<p style=\"text-align: justify\">In questo clima da far west politico, De Luca ha annunciato che il prossimo 30 settembre, a piazza Duomo, incontrer\u00e0 i cittadini per spiegare quali azioni ha intrapreso la sua amministrazione in questi primi cento giorni. Un incontro che potrebbe rappresentare anche l\u2019inizio metaforico della nuova campagna elettorale.<\/p>\n","protected":false},"excerpt":{"rendered":"<p>Un video di 5 minuti pubblicato sulla propria pagina facebook, l\u2019ennesimo messaggio alla citt\u00e0 in cui Cateno De Luca non nasconde la propria amarezza e si dice pronto a fare un passo indietro. A 48 ore dallo scontro con il Consiglio Comunale per la bocciatura della delibera sull\u2019Agenzia per il Risanamento, il primo cittadino non [&hellip;]<\/p>\n","protected":false},"author":14,"featured_media":23189,"comment_status":"closed","ping_status":"open","sticky":false,"template":"","format":"standard","meta":{"ub_ctt_via":"","_mi_skip_tracking":false},"categories":[6],"tags":[],"featured_image_src":"https:\/\/www.messinaoggi.it\/website\/wp-content\/uploads\/2018\/08\/de-luca-7-1.jpg","author_info":{"display_name":"Antonio Macauda","author_link":"https:\/\/www.messinaoggi.it\/website\/author\/a-macauda\/"},"digistream_id":0,"digistream":false,"_links":{"self":[{"href":"https:\/\/www.messinaoggi.it\/website\/wp-json\/wp\/v2\/posts\/23844"}],"collection":[{"href":"https:\/\/www.messinaoggi.it\/website\/wp-json\/wp\/v2\/posts"}],"about":[{"href":"https:\/\/www.messinaoggi.it\/website\/wp-json\/wp\/v2\/types\/post"}],"author":[{"embeddable":true,"href":"https:\/\/www.messinaoggi.it\/website\/wp-json\/wp\/v2\/users\/14"}],"replies":[{"embeddable":true,"href":"https:\/\/www.messinaoggi.it\/website\/wp-json\/wp\/v2\/comments?post=23844"}],"version-history":[{"count":0,"href":"https:\/\/www.messinaoggi.it\/website\/wp-json\/wp\/v2\/posts\/23844\/revisions"}],"wp:featuredmedia":[{"embeddable":true,"href":"https:\/\/www.messinaoggi.it\/website\/wp-json\/wp\/v2\/media\/23189"}],"wp:attachment":[{"href":"https:\/\/www.messinaoggi.it\/website\/wp-json\/wp\/v2\/media?parent=23844"}],"wp:term":[{"taxonomy":"category","embeddable":true,"href":"https:\/\/www.messinaoggi.it\/website\/wp-json\/wp\/v2\/categories?post=23844"},{"taxonomy":"post_tag","embeddable":true,"href":"https:\/\/www.messinaoggi.it\/website\/wp-json\/wp\/v2\/tags?post=23844"}],"curies":[{"name":"wp","href":"https:\/\/api.w.org\/{rel}","templated":true}]}}