{"id":23821,"date":"2018-08-31T13:30:12","date_gmt":"2018-08-31T11:30:12","guid":{"rendered":"http:\/\/www.messinaoggi.it\/website\/?p=23821"},"modified":"2018-08-31T13:30:12","modified_gmt":"2018-08-31T11:30:12","slug":"ora-messina-apre-allagenzia-per-il-risanamento-ma-a-determinate-condizioni","status":"publish","type":"post","link":"https:\/\/www.messinaoggi.it\/website\/2018\/08\/31\/ora-messina-apre-allagenzia-per-il-risanamento-ma-a-determinate-condizioni\/","title":{"rendered":"Ora Messina apre all&#039;Agenzia per il risanamento, ma a determinate condizioni"},"content":{"rendered":"<p><span style=\"font-family: Arial, sans-serif;\">Trasparenza nell&#8217;amministrazione, certezza sui fondi, inedificabilit\u00e0 delle aree risanate. Sono queste in sintesi le condizioni richieste dal gruppo consiliare Ora Messina affinch\u00e9 possa essere istituita l&#8217;Agenzia per il risanamento, necessaria per l&#8217;eliminazione delle baracche.<\/span><br \/>\n<span style=\"font-family: Arial, sans-serif;\">\u201c<em>La tempistica per la risoluzione dell\u2019emergenza<\/em>\u00a0&#8211; si legge in una nota a firma dei consiglieri comunali D&#8217;Angelo, La Fauci, Pagano e Parisi &#8211;<em> dovr\u00e0 rispettare i canoni della credibilit\u00e0, del perfezionismo e della decenza da ridonare alla citt\u00e0 di Messina. Non accetteremo, per\u00f2, la nascita di un nuovo carrozzone in stile partecipate. La formazione di un Cda lineare per incarichi e compensi ci tranquillizza, resteremo comunque vigili<\/em>\u201d. <\/span><br \/>\n\u201c<em><span style=\"font-family: Arial, sans-serif;\">La questione finanziaria ci apre a diversi quesiti, domande che questo consiglio non pu\u00f2 negarsi: vorremmo conoscere la tempistica, nella speranza che sia di brevissima durata, per il trasferimento della somma di 500 mila euro basilare per la creazione dell\u2019Agenzia. Allo stesso tempo riteniamo importantissimo conoscere i crediti residui derivanti dalla legge regionale 10\/1990, somme destinate al risanamento della citt\u00e0 di Messina. Infine, l\u2019impegno e la volont\u00e0 della Regione di riprogrammare i 40 milioni dei fondi Poc.<\/span><\/em><br \/>\n<span style=\"font-family: Arial, sans-serif;\">&#8220;<em>Un punto che riteniamo fondamentale riguarda il futuro delle aree oggi da risanare. Sappiamo come le zone bonificate dovranno poi essere trasformate in aree di fruizione pubblica, manna dal cielo soprattutto in zone dove il verde pubblico scarseggia. Siamo consapevoli che non \u00e8 possibile oggi modificare il piano regolatore, e quindi rendere edificabili quelle aree. Quello che chiediamo \u00e8 una promessa pubblica alla citt\u00e0: non si modifichi questo principio, non si rendano domani nuovamente edificabili aree destinate al miglioramento delle condizioni di vita dei cittadini.<\/em><\/span><div id=\"div-gpt-ad-Messinaoggi.it-DSK-300x250-corpoart\" style=\"text-align:center;margin:0 auto;\"><\/div><\/p>\n<div id=\"videoincontent\" style=\"clear:both\";><\/div>","protected":false},"excerpt":{"rendered":"<p>Trasparenza nell&#8217;amministrazione, certezza sui fondi, inedificabilit\u00e0 delle aree risanate. Sono queste in sintesi le condizioni richieste dal gruppo consiliare Ora Messina affinch\u00e9 possa essere istituita l&#8217;Agenzia per il risanamento, necessaria per l&#8217;eliminazione delle baracche. \u201cLa tempistica per la risoluzione dell\u2019emergenza\u00a0&#8211; si legge in una nota a firma dei consiglieri comunali D&#8217;Angelo, La Fauci, Pagano e [&hellip;]<\/p>\n","protected":false},"author":8,"featured_media":22849,"comment_status":"closed","ping_status":"open","sticky":false,"template":"","format":"standard","meta":{"ub_ctt_via":"","_mi_skip_tracking":false},"categories":[4],"tags":[],"featured_image_src":"https:\/\/www.messinaoggi.it\/website\/wp-content\/uploads\/2018\/08\/baracche-Messina-tetti-messinaoggiMR-1.jpg","author_info":{"display_name":"red..me","author_link":"https:\/\/www.messinaoggi.it\/website\/author\/redstage\/"},"digistream_id":0,"digistream":false,"_links":{"self":[{"href":"https:\/\/www.messinaoggi.it\/website\/wp-json\/wp\/v2\/posts\/23821"}],"collection":[{"href":"https:\/\/www.messinaoggi.it\/website\/wp-json\/wp\/v2\/posts"}],"about":[{"href":"https:\/\/www.messinaoggi.it\/website\/wp-json\/wp\/v2\/types\/post"}],"author":[{"embeddable":true,"href":"https:\/\/www.messinaoggi.it\/website\/wp-json\/wp\/v2\/users\/8"}],"replies":[{"embeddable":true,"href":"https:\/\/www.messinaoggi.it\/website\/wp-json\/wp\/v2\/comments?post=23821"}],"version-history":[{"count":0,"href":"https:\/\/www.messinaoggi.it\/website\/wp-json\/wp\/v2\/posts\/23821\/revisions"}],"wp:featuredmedia":[{"embeddable":true,"href":"https:\/\/www.messinaoggi.it\/website\/wp-json\/wp\/v2\/media\/22849"}],"wp:attachment":[{"href":"https:\/\/www.messinaoggi.it\/website\/wp-json\/wp\/v2\/media?parent=23821"}],"wp:term":[{"taxonomy":"category","embeddable":true,"href":"https:\/\/www.messinaoggi.it\/website\/wp-json\/wp\/v2\/categories?post=23821"},{"taxonomy":"post_tag","embeddable":true,"href":"https:\/\/www.messinaoggi.it\/website\/wp-json\/wp\/v2\/tags?post=23821"}],"curies":[{"name":"wp","href":"https:\/\/api.w.org\/{rel}","templated":true}]}}