{"id":23818,"date":"2018-08-31T10:54:07","date_gmt":"2018-08-31T08:54:07","guid":{"rendered":"http:\/\/www.messinaoggi.it\/website\/?p=23818"},"modified":"2018-08-31T10:54:07","modified_gmt":"2018-08-31T08:54:07","slug":"risanamento-bisconte-gioveni-chiede-lo-stop-alla-demolizione-delle-casette","status":"publish","type":"post","link":"https:\/\/www.messinaoggi.it\/website\/2018\/08\/31\/risanamento-bisconte-gioveni-chiede-lo-stop-alla-demolizione-delle-casette\/","title":{"rendered":"Risanamento Bisconte, Gioveni chiede lo stop alla demolizione delle casette"},"content":{"rendered":"<p><span style=\"font-family: Arial, sans-serif\">Ok alla rimozione delle baracche, ma tenendo conto delle dovute eccezioni. E&#8217; quanto chiede in sintesi\u00a0alla giunta De Luca l&#8217;esponente Pd in Consiglio comunale, <strong>Libero Gioveni<\/strong>, in materia di risanamento. Infatti, il consigliere comunale tiene a sottolineare che nell&#8217;area Bisconte vi sono famiglie che &#8220;<\/span><span style=\"font-family: Arial, sans-serif\"><em>non si considerano affatto dei baraccati vivendo esse in casette ultrapopolari dignitose e ben sistemate. Pertanto non vorrebbero aver assegnato alcun alloggio popolare<\/em>\u201d.\u00a0<\/span><br \/>\n<span style=\"font-family: Arial, sans-serif\">&#8220;<em>Tutte le casette che insistono proprio sotto la piazza di Bisconte abitate da decenni da parecchie decine di nuclei familiari<\/em> &#8211; spiega Gioveni \u2013<em> potrebbero essere considerate, per come sono state mantenute e migliorate negli anni, dei veri e propri immobili storici che, pur essendo inserite in un contesto di degrado confinando a monte con l\u2019area sbaraccata di via Caltanissetta (i cui ex residenti furono trasferiti 13 anni fa nel \u201ccasermone bunker\u201d dei 189 alloggi IACP), costituiscono un piccolo borgo che certamente potrebbe essere valorizzato!<\/em><\/span><br \/>\n<span style=\"font-family: Arial, sans-serif\">&#8220;<em>In particolare, questa zona avrebbe soprattutto bisogno di pi\u00f9 attenzione in termini di pubblica illuminazione e manutenzione, ma le \u201cquasi villette\u201d che vi sono in quest\u2019area (si possono quasi definire cos\u00ec per come sono state trasformate negli anni) sarebbe davvero un peccato abbatterle!<\/em><\/span><br \/>\n<span style=\"font-family: Arial, sans-serif\"><em>&#8220;Pertanto \u2013 conclude Gioveni \u2013 nel non voler avere la presunzione di decidere per queste famiglie che gi\u00e0\u00a0oggi\u00a0tuttavia sembrano orientate per il non abbattimento, sarebbe quanto meno opportuno da parte dell\u2019Amministrazione, che gi\u00e0 da luned\u00ec prossimo deve tirare le somme del censimento, coinvolgerle in una sorta di indagine conoscitiva, anche perch\u00e9 una eventuale volont\u00e0 di rimanere sui luoghi da\u00a0parte di questi nuclei potrebbe certamente \u201calleggerire\u201d anche il fabbisogno di\u00a0alloggi per la causa&#8221;.<\/em><\/span><br \/>\n <div id=\"div-gpt-ad-Messinaoggi.it-DSK-300x250-corpoart\" style=\"text-align:center;margin:0 auto;\"><\/div><\/p>\n<div id=\"videoincontent\" style=\"clear:both\";><\/div>","protected":false},"excerpt":{"rendered":"<p>Ok alla rimozione delle baracche, ma tenendo conto delle dovute eccezioni. E&#8217; quanto chiede in sintesi\u00a0alla giunta De Luca l&#8217;esponente Pd in Consiglio comunale, Libero Gioveni, in materia di risanamento. Infatti, il consigliere comunale tiene a sottolineare che nell&#8217;area Bisconte vi sono famiglie che &#8220;non si considerano affatto dei baraccati vivendo esse in casette ultrapopolari [&hellip;]<\/p>\n","protected":false},"author":8,"featured_media":1059,"comment_status":"closed","ping_status":"open","sticky":false,"template":"","format":"standard","meta":{"ub_ctt_via":"","_mi_skip_tracking":false},"categories":[4],"tags":[],"featured_image_src":"https:\/\/www.messinaoggi.it\/website\/wp-content\/uploads\/2017\/05\/Iacp-Bisconte-1-2.jpg","author_info":{"display_name":"red..me","author_link":"https:\/\/www.messinaoggi.it\/website\/author\/redstage\/"},"digistream_id":0,"digistream":false,"_links":{"self":[{"href":"https:\/\/www.messinaoggi.it\/website\/wp-json\/wp\/v2\/posts\/23818"}],"collection":[{"href":"https:\/\/www.messinaoggi.it\/website\/wp-json\/wp\/v2\/posts"}],"about":[{"href":"https:\/\/www.messinaoggi.it\/website\/wp-json\/wp\/v2\/types\/post"}],"author":[{"embeddable":true,"href":"https:\/\/www.messinaoggi.it\/website\/wp-json\/wp\/v2\/users\/8"}],"replies":[{"embeddable":true,"href":"https:\/\/www.messinaoggi.it\/website\/wp-json\/wp\/v2\/comments?post=23818"}],"version-history":[{"count":0,"href":"https:\/\/www.messinaoggi.it\/website\/wp-json\/wp\/v2\/posts\/23818\/revisions"}],"wp:featuredmedia":[{"embeddable":true,"href":"https:\/\/www.messinaoggi.it\/website\/wp-json\/wp\/v2\/media\/1059"}],"wp:attachment":[{"href":"https:\/\/www.messinaoggi.it\/website\/wp-json\/wp\/v2\/media?parent=23818"}],"wp:term":[{"taxonomy":"category","embeddable":true,"href":"https:\/\/www.messinaoggi.it\/website\/wp-json\/wp\/v2\/categories?post=23818"},{"taxonomy":"post_tag","embeddable":true,"href":"https:\/\/www.messinaoggi.it\/website\/wp-json\/wp\/v2\/tags?post=23818"}],"curies":[{"name":"wp","href":"https:\/\/api.w.org\/{rel}","templated":true}]}}