{"id":238164,"date":"2025-05-06T17:03:47","date_gmt":"2025-05-06T15:03:47","guid":{"rendered":"https:\/\/www.messinaoggi.it\/website\/2025\/05\/06\/il-casolare-peppino-impastato-di-cinisi-affidato-a-casa-memoria-felicia\/"},"modified":"2025-05-06T17:38:22","modified_gmt":"2025-05-06T15:38:22","slug":"il-casolare-peppino-impastato-di-cinisi-affidato-a-casa-memoria-felicia","status":"publish","type":"post","link":"https:\/\/www.messinaoggi.it\/website\/2025\/05\/06\/il-casolare-peppino-impastato-di-cinisi-affidato-a-casa-memoria-felicia\/","title":{"rendered":"Il casolare \u201cPeppino Impastato\u201d di Cinisi affidato a Casa Memoria Felicia"},"content":{"rendered":"<div>\n<p>PALERMO (ITALPRESS) \u2013 Il casolare <strong><em>\u201cPeppino Impastato\u201d<\/em><\/strong> di <strong>Cinisi,<\/strong> in provincia di Palermo, \u00e8 stato ufficialmente affidato in concessione d\u2019uso gratuito all\u2019associazione capofila Casa Memoria Felicia e Peppino Impastato Onlus, in partenariato con il Centro siciliano di documentazione \u201cGiuseppe Impastato\u201d Onlus e l\u2019associazione culturale Peppino Impastato.<div id=\"div-gpt-ad-Messinaoggi.it-DSK-300x250-corpoart\" style=\"text-align:center;margin:0 auto;\"><\/div><\/p>\n<p>La stipula del contratto per il casolare che apre al pubblico \u2013 quale simbolo della memoria perch\u00e9 luogo dell\u2019uccisione del giovane giornalista emblema della lotta alla mafia \u2013 \u00e8 avvenuta questa mattina e avr\u00e0 la durata di sei anni. A gestire la struttura in concessione saranno le tre realt\u00e0 associative da sempre attive sul territorio attraverso iniziative di sensibilizzazione e contrasto alla criminalit\u00e0 organizzata.<div id=\"videoincontent\" style=\"clear:both\";><\/div><\/p>\n<p><em>\u201cSi tratta di un risultato raggiunto dopo anni di impegno e di lavoro del dipartimento dei Beni culturali e della Soprintendenza<\/em> \u2013 ha detto la soprintendente per i Beni culturali e ambientali di Palermo, Selima <strong>Giuliano<\/strong> \u2013<em> Prima abbiamo portato avanti l\u2019iter per il vincolo, ricreando il sito di interesse culturale legato alla storia e alla simbologia di ci\u00f2 che rappresenta, poi abbiamo provveduto all\u2019esproprio e ai lavori di restauro, e infine, oggi, all\u2019assegnazione in comodato d\u2019uso gratuito. Le associazioni del territorio possono cos\u00ec garantire la fruizione del sito per fare in modo che possa diventare luogo di memoria e legalit\u00e0 per tutti e in particolare per le scuole\u201d.<\/em><\/p>\n<p>Le associazioni concessionarie, in linea con gli obiettivi fissati dall\u2019assessorato dei Beni culturali guidato da Francesco Paolo Scarpinato, punteranno alla valorizzazione di un luogo simbolo aperto alla fruizione pubblica e destinato a diventare una tappa fondamentale dei percorsi di legalit\u00e0 che ogni anno vedono protagonisti migliaia di giovani provenienti da tutta Italia. Il casolare \u00e8 stato acquisito al demanio della Regione Siciliana nel 2020 e affidato alla Soprintendenza di Palermo, che ha curato un progetto di restauro finanziato con risorse del Fondo sviluppo e coesione 2014-2020.<\/p>\n<p>I lavori, conclusi nel 2023 sotto la direzione dei tecnici della soprintendenza, hanno interessato sia la struttura del fabbricato rurale che l\u2019area circostante, nel pieno rispetto delle caratteristiche identitarie del sito. Situato nei pressi della linea ferroviaria Palermo-Trapani, dove proprio il 9 maggio 1978 fu rinvenuto il corpo di Peppino Impastato, il casolare rappresenta da anni meta di pellegrinaggi civili all\u2019interno del \u201cpercorso della memoria\u201d dedicato alle vittime di mafia e, in particolare, all\u2019impegno e al coraggio del giovane giornalista che, con le frequenze di Radio Aut, denunci\u00f2 con determinazione il potere mafioso a Cinisi.<\/p>\n<p>\u2013 foto ufficio stampa Regione Siciliana \u2013<\/p>\n<p>(ITALPRESS).<\/p>\n<\/div>\n","protected":false},"excerpt":{"rendered":"<p>PALERMO (ITALPRESS) \u2013 Il casolare \u201cPeppino Impastato\u201d di Cinisi, in provincia di Palermo, \u00e8 stato ufficialmente affidato in concessione d\u2019uso gratuito all\u2019associazione capofila Casa Memoria Felicia e Peppino Impastato Onlus, in partenariato con il Centro siciliano di documentazione \u201cGiuseppe Impastato\u201d Onlus e l\u2019associazione culturale Peppino Impastato. La stipula del contratto per il casolare che apre [&hellip;]<\/p>\n","protected":false},"author":18,"featured_media":238165,"comment_status":"closed","ping_status":"closed","sticky":false,"template":"","format":"standard","meta":{"ub_ctt_via":"","_mi_skip_tracking":false},"categories":[11,2449],"tags":[783],"featured_image_src":"https:\/\/www.messinaoggi.it\/website\/wp-content\/uploads\/2025\/05\/Regione-Siciliana-1.jpg","author_info":{"display_name":"Admin","author_link":"https:\/\/www.messinaoggi.it\/website\/author\/admin\/"},"digistream_id":0,"digistream":false,"_links":{"self":[{"href":"https:\/\/www.messinaoggi.it\/website\/wp-json\/wp\/v2\/posts\/238164"}],"collection":[{"href":"https:\/\/www.messinaoggi.it\/website\/wp-json\/wp\/v2\/posts"}],"about":[{"href":"https:\/\/www.messinaoggi.it\/website\/wp-json\/wp\/v2\/types\/post"}],"author":[{"embeddable":true,"href":"https:\/\/www.messinaoggi.it\/website\/wp-json\/wp\/v2\/users\/18"}],"replies":[{"embeddable":true,"href":"https:\/\/www.messinaoggi.it\/website\/wp-json\/wp\/v2\/comments?post=238164"}],"version-history":[{"count":1,"href":"https:\/\/www.messinaoggi.it\/website\/wp-json\/wp\/v2\/posts\/238164\/revisions"}],"predecessor-version":[{"id":238170,"href":"https:\/\/www.messinaoggi.it\/website\/wp-json\/wp\/v2\/posts\/238164\/revisions\/238170"}],"wp:featuredmedia":[{"embeddable":true,"href":"https:\/\/www.messinaoggi.it\/website\/wp-json\/wp\/v2\/media\/238165"}],"wp:attachment":[{"href":"https:\/\/www.messinaoggi.it\/website\/wp-json\/wp\/v2\/media?parent=238164"}],"wp:term":[{"taxonomy":"category","embeddable":true,"href":"https:\/\/www.messinaoggi.it\/website\/wp-json\/wp\/v2\/categories?post=238164"},{"taxonomy":"post_tag","embeddable":true,"href":"https:\/\/www.messinaoggi.it\/website\/wp-json\/wp\/v2\/tags?post=238164"}],"curies":[{"name":"wp","href":"https:\/\/api.w.org\/{rel}","templated":true}]}}