{"id":238162,"date":"2025-05-06T15:08:39","date_gmt":"2025-05-06T13:08:39","guid":{"rendered":"https:\/\/www.messinaoggi.it\/website\/2025\/05\/06\/roccella-transizione-demografica-priorita-assoluta-per-il-paese\/"},"modified":"2025-05-06T17:38:26","modified_gmt":"2025-05-06T15:38:26","slug":"roccella-transizione-demografica-priorita-assoluta-per-il-paese","status":"publish","type":"post","link":"https:\/\/www.messinaoggi.it\/website\/2025\/05\/06\/roccella-transizione-demografica-priorita-assoluta-per-il-paese\/","title":{"rendered":"Roccella \u201cTransizione demografica priorit\u00e0 assoluta per il Paese\u201d"},"content":{"rendered":"<div>ROMA (ITALPRESS) &#8211; &#8220;Il tema rappresenta una priorit\u00e0 per il mio ministero ma anche una priorit\u00e0 assoluta per l&#8217;intero Paese. Il fatto stesso che la camera dei Deputati abbia ritenuto opportuno istituire una commissione parlamentare d&#8217;inchiesta per approfondire gli effetti economici sociali della transizione demografica, testimonia che questa materia non \u00e8 solo un argomento di studio per statistici e sociologi, ma qualcosa che impatta molto concretamente sul futuro e anche sul presente della nostra societ\u00e0&#8221;. Lo ha detto la ministra per la Famiglia, la Natalit\u00e0 e le pari Opportunit\u00e0, Maria Eugenia Roccella, nel corso dell&#8217;audizione alla commissione parlamentare di inchiesta sugli effetti economici e sociali derivanti dalla transizione demografica. &#8220;Dal governo Meloni \u00e8 arrivata la consapevolezza che la crisi di natalit\u00e0 \u00e8 il pi\u00f9 importante cambiamento che stiamo attraversando &#8211; ha aggiunto -, tema posto al centro delle proprie politiche in maniera trasversale. Veniamo da una lunga fase, nella quale l&#8217;attenzione nazionale e internazionale alle grandi transizioni, si \u00e8 concentrata su altri fronti: la transizione verde o quella digitale, si \u00e8 parlato invece poco, e da pochissimo tempo, della transizione forse pi\u00f9 impattante di tutte che \u00e8 quella demografica&#8221;.<br \/>La ministra Roccella ha ricordato che la transizione demografica &#8220;porta con s\u00e8, non solo le conseguenze socio-economiche che ben si conoscono, ma anche conseguenze ambientali, se pensiamo alle aree interne spopolate e ai problemi ambientali che questo pone e conseguenze sull&#8217;innovazione anche digitale, a causa soprattutto della perdita della spinta innovatrice delle giovani generazioni.  Se non ci sono giovani &#8211; ha concluso &#8211; \u00e8 difficile che ci sia innovazione. Anche le istituzioni europee non hanno, evidentemente, una piena consapevolezza della gravit\u00e0 della crisi demografica, basti pensare che nel Pnrr non c&#8217;\u00e8 nulla sul tema&#8221;.<br \/>&#8220;Il governo italiano \u00e8 riuscito a dare centralit\u00e0 alla questione della transizione demografica nel dibattito pubblico italiano, ma altrettanto siamo impegnati a fare a livello internazionale, a cominciare dall&#8217;Europa. Sul tema scontiamo una lunga disattenzione, o forse dovremmo pi\u00f9 correttamente dire che scontiamo un drammatico errore di analisi &#8211; ha detto ancora Roccella -. Negli anni cinquanta, la minaccia che veniva paventata per il futuro della terra e dell&#8217;umanit\u00e0, era la cosiddetta bomba demografica. Si temeva che un aumento di misura della popolazione, connesso alle previsioni dell&#8217;esaurimento progressivo e tendenziale delle risorse, avrebbe determinato squilibri. Previsioni sbagliate che poggiavano sull&#8217;ideologia di un uomo visto solo come consumatore di risorse e non come risorsa primaria dell&#8217;ecosistema&#8221;.<br \/>La ministra Roccella ha sottolineato che &#8220;la spirale demografica non si inverte dall&#8217;oggi al domani, si tratta di processi che richiedono tempo. Un altro luogo comune da sfatare \u00e8 che il calo delle nascite fosse un dato italiano, come se le culle vuote fossero un problema solo o prevalentemente del nostro paese, come se l&#8217;Italia fosse un malato speciale, senza rendersi conto che siamo invece di fronte a una vera e propria pandemia. Se, per esempio, diamo un&#8217;occhiata ai dati europei vediamo che tutti i 27 paesi sono molto al di sotto del famoso tasso di sostituzione, cio\u00e8 quelle 2,1 figli per donna, che garantirebbero l&#8217;equilibrio tra nascite e morti &#8211; ha concluso -. A leggere i dati si notano in particolare due fatti: il primo che si \u00e8 verificato negli ultimi anni un crollo generalizzato e veloce che ha toccato anche paesi che venivano considerati meno a rischio, il secondo che, laddove anche c&#8217;\u00e8 stata una risalita, parliamo sempre d&#8217;Europa, questa \u00e8 stata di breve durata&#8221;.<div id=\"div-gpt-ad-Messinaoggi.it-DSK-300x250-corpoart\" style=\"text-align:center;margin:0 auto;\"><\/div><\/p>\n<p>&#8211; Foto ufficio stampa Camera dei Deputati &#8211;<div id=\"videoincontent\" style=\"clear:both\";><\/div><\/p>\n<p>(ITALPRESS).<\/p><\/div>\n","protected":false},"excerpt":{"rendered":"<p>ROMA (ITALPRESS) &#8211; &#8220;Il tema rappresenta una priorit\u00e0 per il mio ministero ma anche una priorit\u00e0 assoluta per l&#8217;intero Paese. Il fatto stesso che la camera dei Deputati abbia ritenuto opportuno istituire una commissione parlamentare d&#8217;inchiesta per approfondire gli effetti economici sociali della transizione demografica, testimonia che questa materia non \u00e8 solo un argomento di [&hellip;]<\/p>\n","protected":false},"author":18,"featured_media":238163,"comment_status":"closed","ping_status":"closed","sticky":false,"template":"","format":"standard","meta":{"ub_ctt_via":"","_mi_skip_tracking":false},"categories":[446,4],"tags":[783],"featured_image_src":"https:\/\/www.messinaoggi.it\/website\/wp-content\/uploads\/2025\/05\/20250506_1196.jpg","author_info":{"display_name":"Admin","author_link":"https:\/\/www.messinaoggi.it\/website\/author\/admin\/"},"digistream_id":0,"digistream":false,"_links":{"self":[{"href":"https:\/\/www.messinaoggi.it\/website\/wp-json\/wp\/v2\/posts\/238162"}],"collection":[{"href":"https:\/\/www.messinaoggi.it\/website\/wp-json\/wp\/v2\/posts"}],"about":[{"href":"https:\/\/www.messinaoggi.it\/website\/wp-json\/wp\/v2\/types\/post"}],"author":[{"embeddable":true,"href":"https:\/\/www.messinaoggi.it\/website\/wp-json\/wp\/v2\/users\/18"}],"replies":[{"embeddable":true,"href":"https:\/\/www.messinaoggi.it\/website\/wp-json\/wp\/v2\/comments?post=238162"}],"version-history":[{"count":1,"href":"https:\/\/www.messinaoggi.it\/website\/wp-json\/wp\/v2\/posts\/238162\/revisions"}],"predecessor-version":[{"id":238171,"href":"https:\/\/www.messinaoggi.it\/website\/wp-json\/wp\/v2\/posts\/238162\/revisions\/238171"}],"wp:featuredmedia":[{"embeddable":true,"href":"https:\/\/www.messinaoggi.it\/website\/wp-json\/wp\/v2\/media\/238163"}],"wp:attachment":[{"href":"https:\/\/www.messinaoggi.it\/website\/wp-json\/wp\/v2\/media?parent=238162"}],"wp:term":[{"taxonomy":"category","embeddable":true,"href":"https:\/\/www.messinaoggi.it\/website\/wp-json\/wp\/v2\/categories?post=238162"},{"taxonomy":"post_tag","embeddable":true,"href":"https:\/\/www.messinaoggi.it\/website\/wp-json\/wp\/v2\/tags?post=238162"}],"curies":[{"name":"wp","href":"https:\/\/api.w.org\/{rel}","templated":true}]}}