{"id":238124,"date":"2025-05-06T14:17:56","date_gmt":"2025-05-06T12:17:56","guid":{"rendered":"http:\/\/www.messinaoggi.it\/website\/?p=238124"},"modified":"2025-05-06T14:18:00","modified_gmt":"2025-05-06T12:18:00","slug":"dietrofront-pista-ciclabile-carbone-fdi-chiede-convocazione-commissione","status":"publish","type":"post","link":"https:\/\/www.messinaoggi.it\/website\/2025\/05\/06\/dietrofront-pista-ciclabile-carbone-fdi-chiede-convocazione-commissione\/","title":{"rendered":"Dietrofront pista ciclabile, Carbone (FdI) chiede convocazione Commissione"},"content":{"rendered":"\n<p>\u00c8 soddisfatto il consigliere comunale di Fratelli d&#8217;Italia <strong>Dario Carbone<\/strong> apprendendo il dietrofront sulle piste ciclabili di Via del Vespro e della Stazione Marittima. Per\u00f2 vuole vederci pi\u00f9 chiaro. <div id=\"div-gpt-ad-Messinaoggi.it-DSK-300x250-corpoart\" style=\"text-align:center;margin:0 auto;\"><\/div><\/p>\n\n\n\n<p>\u201cHo ascoltato le dichiarazioni del sindaco Basile in ordine al dietrofront sull\u2019esecuzione dei lavori delle piste ciclabili di via del Vespro e della Stazione Marittima e mi viene da pensare \u201cmeglio tardi che mai\u201d\u201d dichiara.  <div id=\"videoincontent\" style=\"clear:both\";><\/div><\/p>\n\n\n\n<p>\u201cSono stato tra i primi, unitamente ad altri colleghi Consiglieri Comunali e di Municipalit\u00e0, a sollevare il tema della inopportunit\u00e0 di realizzare delle piste ciclabili in alcune arterie importanti del Centro Storico come la via dei Mille, la via del Vespro o l\u2019area della Stazione Marittima e penso che il Sindaco che dichiara di essere tornato sui suoi passi dopo aver dialogato con la cittadinanza avrebbe ben potuto ascoltare quei rappresentanti istituzionali democraticamente eletti che con la cittadinanza si confrontano continuamente\u201d continua Carbone.  <\/p>\n\n\n\n<p>\u201cIn particolare, soltanto qualche settimana fa ho evidenziato la scelleratezza di \u201cdisegnare\u201d una pista ciclabile nell\u2019area della Stazione Marittima considerato il fatto che in quella zona dovranno eseguirsi importantissimi lavori per la realizzazione dell\u2019I-Hub ed oggi apprendo che il primo cittadino, assumendosi anche delle responsabilit\u00e0 probabilmente non sue, proprio per tale motivazione ha deciso di rivedere anche questo progetto\u201d incalza Carbone.  <\/p>\n\n\n\n<p>\u201cHo richiesto dunque una convocazione urgente della Commissione Viabilit\u00e0 del Comune di Messina cos\u00ec da discutere anche dei costi a carico della collettivit\u00e0 di queste scelte alla presenza del Sindaco, dell\u2019Assessore Mondello, dei Dirigenti competenti, del RUP e del Direttore dei lavori oltre che ovviamente della Municipalit\u00e0 interessata\u201d conclude Carbone. <\/p>\n","protected":false},"excerpt":{"rendered":"<p>\u00c8 soddisfatto il consigliere comunale di Fratelli d&#8217;Italia Dario Carbone apprendendo il dietrofront sulle piste ciclabili di Via del Vespro e della Stazione Marittima. Per\u00f2 vuole vederci pi\u00f9 chiaro. \u201cHo ascoltato le dichiarazioni del sindaco Basile in ordine al dietrofront sull\u2019esecuzione dei lavori delle piste ciclabili di via del Vespro e della Stazione Marittima e [&hellip;]<\/p>\n","protected":false},"author":15,"featured_media":127609,"comment_status":"open","ping_status":"open","sticky":false,"template":"","format":"standard","meta":{"ub_ctt_via":"","_mi_skip_tracking":false},"categories":[4,6],"tags":[3756,1526,2390,11471,3448],"featured_image_src":"https:\/\/www.messinaoggi.it\/website\/wp-content\/uploads\/2022\/10\/image3.jpeg","author_info":{"display_name":"red.me","author_link":"https:\/\/www.messinaoggi.it\/website\/author\/red-me\/"},"digistream_id":0,"digistream":false,"_links":{"self":[{"href":"https:\/\/www.messinaoggi.it\/website\/wp-json\/wp\/v2\/posts\/238124"}],"collection":[{"href":"https:\/\/www.messinaoggi.it\/website\/wp-json\/wp\/v2\/posts"}],"about":[{"href":"https:\/\/www.messinaoggi.it\/website\/wp-json\/wp\/v2\/types\/post"}],"author":[{"embeddable":true,"href":"https:\/\/www.messinaoggi.it\/website\/wp-json\/wp\/v2\/users\/15"}],"replies":[{"embeddable":true,"href":"https:\/\/www.messinaoggi.it\/website\/wp-json\/wp\/v2\/comments?post=238124"}],"version-history":[{"count":7,"href":"https:\/\/www.messinaoggi.it\/website\/wp-json\/wp\/v2\/posts\/238124\/revisions"}],"predecessor-version":[{"id":238131,"href":"https:\/\/www.messinaoggi.it\/website\/wp-json\/wp\/v2\/posts\/238124\/revisions\/238131"}],"wp:featuredmedia":[{"embeddable":true,"href":"https:\/\/www.messinaoggi.it\/website\/wp-json\/wp\/v2\/media\/127609"}],"wp:attachment":[{"href":"https:\/\/www.messinaoggi.it\/website\/wp-json\/wp\/v2\/media?parent=238124"}],"wp:term":[{"taxonomy":"category","embeddable":true,"href":"https:\/\/www.messinaoggi.it\/website\/wp-json\/wp\/v2\/categories?post=238124"},{"taxonomy":"post_tag","embeddable":true,"href":"https:\/\/www.messinaoggi.it\/website\/wp-json\/wp\/v2\/tags?post=238124"}],"curies":[{"name":"wp","href":"https:\/\/api.w.org\/{rel}","templated":true}]}}