{"id":238103,"date":"2025-05-06T13:08:36","date_gmt":"2025-05-06T11:08:36","guid":{"rendered":"https:\/\/www.messinaoggi.it\/website\/2025\/05\/06\/musumeci-il-valore-delleconomia-del-mare-supera-i-170-miliardi\/"},"modified":"2025-05-06T13:08:36","modified_gmt":"2025-05-06T11:08:36","slug":"musumeci-il-valore-delleconomia-del-mare-supera-i-170-miliardi","status":"publish","type":"post","link":"https:\/\/www.messinaoggi.it\/website\/2025\/05\/06\/musumeci-il-valore-delleconomia-del-mare-supera-i-170-miliardi\/","title":{"rendered":"Musumeci \u201cIl valore dell\u2019economia del mare supera i 170 miliardi\u201d"},"content":{"rendered":"<div>ROMA (ITALPRESS) &#8211; &#8220;Credo che sia importante mettere assieme una parte delle due Camere per studi, analisi, proposte legate al tema straordinario del mare, inteso non solo come risorsa naturale irrinunciabile, fondamentale, ma anche come risorsa economica: non dimentichiamo che l&#8217;economia del mare alimenta in Italia un valore aggiunto che supera i 170 miliardi, circa un milione di addetti, quasi 250 mila imprese e diventa la carta vincente soprattutto per quelle regioni bagnate dal mare ma che mostrano ancora difficolt\u00e0&#8221;. Lo ha detto il ministro per la Protezione civile e le politiche del mare, Nello Musumeci, a margine della conferenza stampa dell&#8217;intergruppo parlamentare sull&#8217;economia del mare in Senato.<br \/>&#8220;Il mare di solito non \u00e8 divisivo, forse possiamo distinguere i metodi, ma tutti dovremmo trovarci d&#8217;accordo&#8221; sull&#8217;obiettivo, che \u00e8 &#8220;sostanzialmente \u00e8 lo stesso: salvaguardarlo, tutelarlo, perch\u00e8 se il mare potesse parlare oggi direbbe &#8216;sto male, sto soffrend\u00f2 &#8211; ha aggiunto Musumeci -. Al tempo stesso diventa strategico per le relazioni internazionali e, in questo contesto geopolitico assai inquieto e incerto, credo che una sana politica del mare possa dirimere conflitti che i canali tradizionali non riescono a risolvere&#8221;, ha spiegato. &#8220;Si tenga conto che l&#8217;Italia \u00e8 uno dei primi Paesi europei che si sta dotando di una normativa sulla dimensione subacquea, che \u00e8 uno spazio conosciuto soltanto per il 20%, ma sul quale nei nei prossimi decenni si giocher\u00e0 la competizione fra i Paesi&#8221;.<div id=\"div-gpt-ad-Messinaoggi.it-DSK-300x250-corpoart\" style=\"text-align:center;margin:0 auto;\"><\/div><\/p>\n<p>&#8211; Foto IPA Agency &#8211;<div id=\"videoincontent\" style=\"clear:both\";><\/div><\/p>\n<p>(ITALPRESS).<\/p><\/div>\n","protected":false},"excerpt":{"rendered":"<p>ROMA (ITALPRESS) &#8211; &#8220;Credo che sia importante mettere assieme una parte delle due Camere per studi, analisi, proposte legate al tema straordinario del mare, inteso non solo come risorsa naturale irrinunciabile, fondamentale, ma anche come risorsa economica: non dimentichiamo che l&#8217;economia del mare alimenta in Italia un valore aggiunto che supera i 170 miliardi, circa [&hellip;]<\/p>\n","protected":false},"author":18,"featured_media":238104,"comment_status":"closed","ping_status":"closed","sticky":false,"template":"","format":"standard","meta":{"ub_ctt_via":"","_mi_skip_tracking":false},"categories":[446],"tags":[783],"featured_image_src":"https:\/\/www.messinaoggi.it\/website\/wp-content\/uploads\/2025\/05\/20250506_0526.jpg","author_info":{"display_name":"Admin","author_link":"https:\/\/www.messinaoggi.it\/website\/author\/admin\/"},"digistream_id":0,"digistream":false,"_links":{"self":[{"href":"https:\/\/www.messinaoggi.it\/website\/wp-json\/wp\/v2\/posts\/238103"}],"collection":[{"href":"https:\/\/www.messinaoggi.it\/website\/wp-json\/wp\/v2\/posts"}],"about":[{"href":"https:\/\/www.messinaoggi.it\/website\/wp-json\/wp\/v2\/types\/post"}],"author":[{"embeddable":true,"href":"https:\/\/www.messinaoggi.it\/website\/wp-json\/wp\/v2\/users\/18"}],"replies":[{"embeddable":true,"href":"https:\/\/www.messinaoggi.it\/website\/wp-json\/wp\/v2\/comments?post=238103"}],"version-history":[{"count":0,"href":"https:\/\/www.messinaoggi.it\/website\/wp-json\/wp\/v2\/posts\/238103\/revisions"}],"wp:featuredmedia":[{"embeddable":true,"href":"https:\/\/www.messinaoggi.it\/website\/wp-json\/wp\/v2\/media\/238104"}],"wp:attachment":[{"href":"https:\/\/www.messinaoggi.it\/website\/wp-json\/wp\/v2\/media?parent=238103"}],"wp:term":[{"taxonomy":"category","embeddable":true,"href":"https:\/\/www.messinaoggi.it\/website\/wp-json\/wp\/v2\/categories?post=238103"},{"taxonomy":"post_tag","embeddable":true,"href":"https:\/\/www.messinaoggi.it\/website\/wp-json\/wp\/v2\/tags?post=238103"}],"curies":[{"name":"wp","href":"https:\/\/api.w.org\/{rel}","templated":true}]}}