{"id":238076,"date":"2025-05-06T01:08:34","date_gmt":"2025-05-05T23:08:34","guid":{"rendered":"https:\/\/www.messinaoggi.it\/website\/2025\/05\/06\/dazi-tajani-sogno-un-mercato-unico-delloccidente\/"},"modified":"2025-05-06T09:55:17","modified_gmt":"2025-05-06T07:55:17","slug":"dazi-tajani-sogno-un-mercato-unico-delloccidente","status":"publish","type":"post","link":"https:\/\/www.messinaoggi.it\/website\/2025\/05\/06\/dazi-tajani-sogno-un-mercato-unico-delloccidente\/","title":{"rendered":"Dazi, Tajani \u201cSogno un mercato unico dell\u2019Occidente\u201d"},"content":{"rendered":"<div>ROMA (ITALPRESS) &#8211; <em>&#8220;La scelta dei dazi \u00e8 stata sbagliata: non convengono n\u00e8 a chi li impone n\u00e8 a chi subisce, perch\u00e8 fanno un danno all&#8217;economia. Noi siamo per il libero commercio e la grande forza delle democrazie \u00e8 favorire gli scambi internazionali: dove passano le merci non passano le armi, quindi faremo di tutto per difendere il libero commercio&#8221;.<\/em> Cos\u00ec il vicepremier e ministro degli Esteri, Antonio <strong>Tajani,<\/strong> a <strong><em>&#8220;4 di sera&#8221;<\/em><\/strong>, su Rete 4.<div id=\"div-gpt-ad-Messinaoggi.it-DSK-300x250-corpoart\" style=\"text-align:center;margin:0 auto;\"><\/div><\/p>\n<p><em>&#8220;Il mio sogno \u00e8 un mercato unico dell&#8217;Occidente che connetta Stati Uniti ed Europa, con zero dazi da una parte e dall&#8217;altra<\/em> &#8211; prosegue Tajani -.<em> Una trattativa non \u00e8 facile, per\u00f2 bisogna lavorarci e far comprendere a Trump che il libero scambio aiuta tutti: mi auguro che ascolti le sue imprese e decida di trovare un accordo che non danneggi n\u00e8 l&#8217;Europa n\u00e8 gli Stati Uniti. Il nostro Pil a differenza di quello americano \u00e8 in crescita e dipende dalle esportazioni: il mio obiettivo \u00e8 passare dai 623 miliardi attuali di export a 700 miliardi entro fine legislatura&#8221;.<\/em><div id=\"videoincontent\" style=\"clear:both\";><\/div><\/p>\n<p><em>&#8220;L&#8217;apertura a nuovi mercati \u00e8 una prospettiva concreta, cos\u00ec come rinforzare quelli dove siamo pi\u00f9 deboli. Tra i mercati pi\u00f9 interessanti ci sono India e Giappone, ma anche all&#8217;interno dell&#8217;Unione europea bisogna rafforzare lo scambio; pensiamo anche ai paesi dell&#8217;area del Golfo, al Sudamerica, all&#8217;Africa, al Vietnam, alla Turchia, all&#8217;Indonesia<\/em> &#8211; ha sottolineato Tajani -. <em>Siamo il paese con la maggior gamma di prodotti da esportare dopo la Cina e in questo senso possiamo occupare mercati importanti&#8221;.<\/em><\/p>\n<p>&#8211; Foto IPA Agency &#8211;<\/p>\n<p>(ITALPRESS).<\/p><\/div>\n","protected":false},"excerpt":{"rendered":"<p>ROMA (ITALPRESS) &#8211; &#8220;La scelta dei dazi \u00e8 stata sbagliata: non convengono n\u00e8 a chi li impone n\u00e8 a chi subisce, perch\u00e8 fanno un danno all&#8217;economia. Noi siamo per il libero commercio e la grande forza delle democrazie \u00e8 favorire gli scambi internazionali: dove passano le merci non passano le armi, quindi faremo di tutto [&hellip;]<\/p>\n","protected":false},"author":18,"featured_media":238077,"comment_status":"closed","ping_status":"closed","sticky":false,"template":"","format":"standard","meta":{"ub_ctt_via":"","_mi_skip_tracking":false},"categories":[446,4],"tags":[783],"featured_image_src":"https:\/\/www.messinaoggi.it\/website\/wp-content\/uploads\/2025\/05\/20250505_2507.jpg","author_info":{"display_name":"Admin","author_link":"https:\/\/www.messinaoggi.it\/website\/author\/admin\/"},"digistream_id":0,"digistream":false,"_links":{"self":[{"href":"https:\/\/www.messinaoggi.it\/website\/wp-json\/wp\/v2\/posts\/238076"}],"collection":[{"href":"https:\/\/www.messinaoggi.it\/website\/wp-json\/wp\/v2\/posts"}],"about":[{"href":"https:\/\/www.messinaoggi.it\/website\/wp-json\/wp\/v2\/types\/post"}],"author":[{"embeddable":true,"href":"https:\/\/www.messinaoggi.it\/website\/wp-json\/wp\/v2\/users\/18"}],"replies":[{"embeddable":true,"href":"https:\/\/www.messinaoggi.it\/website\/wp-json\/wp\/v2\/comments?post=238076"}],"version-history":[{"count":1,"href":"https:\/\/www.messinaoggi.it\/website\/wp-json\/wp\/v2\/posts\/238076\/revisions"}],"predecessor-version":[{"id":238083,"href":"https:\/\/www.messinaoggi.it\/website\/wp-json\/wp\/v2\/posts\/238076\/revisions\/238083"}],"wp:featuredmedia":[{"embeddable":true,"href":"https:\/\/www.messinaoggi.it\/website\/wp-json\/wp\/v2\/media\/238077"}],"wp:attachment":[{"href":"https:\/\/www.messinaoggi.it\/website\/wp-json\/wp\/v2\/media?parent=238076"}],"wp:term":[{"taxonomy":"category","embeddable":true,"href":"https:\/\/www.messinaoggi.it\/website\/wp-json\/wp\/v2\/categories?post=238076"},{"taxonomy":"post_tag","embeddable":true,"href":"https:\/\/www.messinaoggi.it\/website\/wp-json\/wp\/v2\/tags?post=238076"}],"curies":[{"name":"wp","href":"https:\/\/api.w.org\/{rel}","templated":true}]}}