{"id":237876,"date":"2025-05-04T12:08:34","date_gmt":"2025-05-04T10:08:34","guid":{"rendered":"https:\/\/www.messinaoggi.it\/website\/2025\/05\/04\/mattarella-esercito-rappresenta-un-punto-di-forza-per-la-repubblica\/"},"modified":"2025-05-04T12:08:34","modified_gmt":"2025-05-04T10:08:34","slug":"mattarella-esercito-rappresenta-un-punto-di-forza-per-la-repubblica","status":"publish","type":"post","link":"https:\/\/www.messinaoggi.it\/website\/2025\/05\/04\/mattarella-esercito-rappresenta-un-punto-di-forza-per-la-repubblica\/","title":{"rendered":"Mattarella \u201cEsercito rappresenta un punto di forza per la Repubblica\u201d"},"content":{"rendered":"<div>ROMA (ITALPRESS) &#8211; &#8220;La dedizione, l&#8217;impegno profusi dalle donne e dagli uomini dell&#8217;Esercito nel contesto internazionale cos\u00ec carico di instabilit\u00e0 e minacce, rappresentano un punto di forza per la Repubblica. Il ruolo dell&#8217;Italia nella comunit\u00e0 internazionale, per far s\u00ec che si affermino i valori di pace e cooperazione propri alla Costituzione, sa di potersi avvalere di professionalit\u00e0 e di competenze di assoluto livello nelle proprie Forze Armate, cos\u00ec come per la cornice di sicurezza offerta nelle missioni presenti sul Territorio nazionale. In occasione del 164\u00b0 anniversario dalla istituzione, rivolgo l&#8217;omaggio della Repubblica alla memoria dei caduti, e ai militari dell&#8217;Esercito il ringraziamento per il costante operato al servizio della Patria. In questa giornata di festa giungano a voi tutti, Ufficiali, sottufficiali, graduati, militari di truppa, personale civile dell&#8217;Esercito e alle vostre famiglie il saluto e l&#8217;augurio pi\u00f9 calorosi. Viva l&#8217;Esercito, viva le Forze Armate, viva la Repubblica!&#8221;. Lo scrive il Presidente della Repubblica Sergio Mattarella nel messaggio inviato al Capo di Stato maggiore dell&#8217;Esercito, Generale Corpo d&#8217;Armata Carmine Masiello, in occasione del 164\u00b0 anniversario della costituzione dell&#8217;Esercito italiano.<div id=\"div-gpt-ad-Messinaoggi.it-DSK-300x250-corpoart\" style=\"text-align:center;margin:0 auto;\"><\/div><\/p>\n<p>Foto: ufficio stampa Quirinale<div id=\"videoincontent\" style=\"clear:both\";><\/div><\/p>\n<p>(ITALPRESS).<\/p><\/div>\n","protected":false},"excerpt":{"rendered":"<p>ROMA (ITALPRESS) &#8211; &#8220;La dedizione, l&#8217;impegno profusi dalle donne e dagli uomini dell&#8217;Esercito nel contesto internazionale cos\u00ec carico di instabilit\u00e0 e minacce, rappresentano un punto di forza per la Repubblica. Il ruolo dell&#8217;Italia nella comunit\u00e0 internazionale, per far s\u00ec che si affermino i valori di pace e cooperazione propri alla Costituzione, sa di potersi avvalere [&hellip;]<\/p>\n","protected":false},"author":18,"featured_media":237877,"comment_status":"closed","ping_status":"closed","sticky":false,"template":"","format":"standard","meta":{"ub_ctt_via":"","_mi_skip_tracking":false},"categories":[446],"tags":[783],"featured_image_src":"https:\/\/www.messinaoggi.it\/website\/wp-content\/uploads\/2025\/05\/20250504_0085.jpg","author_info":{"display_name":"Admin","author_link":"https:\/\/www.messinaoggi.it\/website\/author\/admin\/"},"digistream_id":0,"digistream":false,"_links":{"self":[{"href":"https:\/\/www.messinaoggi.it\/website\/wp-json\/wp\/v2\/posts\/237876"}],"collection":[{"href":"https:\/\/www.messinaoggi.it\/website\/wp-json\/wp\/v2\/posts"}],"about":[{"href":"https:\/\/www.messinaoggi.it\/website\/wp-json\/wp\/v2\/types\/post"}],"author":[{"embeddable":true,"href":"https:\/\/www.messinaoggi.it\/website\/wp-json\/wp\/v2\/users\/18"}],"replies":[{"embeddable":true,"href":"https:\/\/www.messinaoggi.it\/website\/wp-json\/wp\/v2\/comments?post=237876"}],"version-history":[{"count":0,"href":"https:\/\/www.messinaoggi.it\/website\/wp-json\/wp\/v2\/posts\/237876\/revisions"}],"wp:featuredmedia":[{"embeddable":true,"href":"https:\/\/www.messinaoggi.it\/website\/wp-json\/wp\/v2\/media\/237877"}],"wp:attachment":[{"href":"https:\/\/www.messinaoggi.it\/website\/wp-json\/wp\/v2\/media?parent=237876"}],"wp:term":[{"taxonomy":"category","embeddable":true,"href":"https:\/\/www.messinaoggi.it\/website\/wp-json\/wp\/v2\/categories?post=237876"},{"taxonomy":"post_tag","embeddable":true,"href":"https:\/\/www.messinaoggi.it\/website\/wp-json\/wp\/v2\/tags?post=237876"}],"curies":[{"name":"wp","href":"https:\/\/api.w.org\/{rel}","templated":true}]}}