{"id":237854,"date":"2025-05-03T18:08:38","date_gmt":"2025-05-03T16:08:38","guid":{"rendered":"https:\/\/www.messinaoggi.it\/website\/2025\/05\/03\/cardinali-proseguire-e-custodire-il-magistero-di-papa-francesco\/"},"modified":"2025-05-03T18:08:38","modified_gmt":"2025-05-03T16:08:38","slug":"cardinali-proseguire-e-custodire-il-magistero-di-papa-francesco","status":"publish","type":"post","link":"https:\/\/www.messinaoggi.it\/website\/2025\/05\/03\/cardinali-proseguire-e-custodire-il-magistero-di-papa-francesco\/","title":{"rendered":"Cardinali \u201cProseguire e custodire il magistero di Papa Francesco\u201d"},"content":{"rendered":"<div>CITTA&#8217; DEL VATICANO (ITALPRESS) &#8211; La <strong>nona Congregazione Generale dei Cardinali, questa mattina, ha avuto inizio alle ore 9:00,<\/strong> con un momento di preghiera comune. <strong>Erano presenti 177 cardinali, di cui 127 elettori.<br \/>\n<\/strong><br \/>\nIn apertura, sono stati sorteggiati i cardinali della Commissione che assiste il camerlengo nelle congregazioni particolari per il disbrigo degli affari ordinari: <strong>si tratta del Cardinale Robert Francis Prevost, O.S.A., e del Cardinale Marcello Semeraro,<\/strong> mentre resta confermato il <strong>Cardinale Reinhard Marx in quanto coordinatore del Consiglio per l&#8217;Economia.<br \/>\n<\/strong><br \/>\nLa sessione si \u00e8 articolata in 26 interventi, che hanno toccato diversi temi di rilevanza ecclesiale e pastorale. Si \u00e8 riflettuto sul duplice compito della Chiesa: vivere e testimoniare la comunione al proprio interno, e promuovere la fraternit\u00e0 nel mondo. E&#8217; stato ricordato con gratitudine il magistero di Papa Francesco e i processi avviati sotto il suo pontificato, sottolineando la responsabilit\u00e0 di proseguirli e custodirli.<div id=\"div-gpt-ad-Messinaoggi.it-DSK-300x250-corpoart\" style=\"text-align:center;margin:0 auto;\"><\/div><\/p>\n<p>Tra i temi emersi, la collaborazione e la solidariet\u00e0 tra le <strong>Chiese locali, il ruolo della Curia in relazione al Papa, il servizio della Chiesa e del Pontefice<\/strong> alla causa della pace, e il valore dell&#8217;educazione come strumento di trasformazione e speranza. Non sono mancati riferimenti al Giubileo e al desiderio che il prossimo Papa abbia uno spirito profetico, capace di guidare una Chiesa che non si richiuda su s\u00e9 stessa, ma sappia uscire e portare luce a un mondo segnato da disperazione.<div id=\"videoincontent\" style=\"clear:both\";><\/div><\/p>\n<p>Sono stati ripresi anche alcuni temi gi\u00e0 affrontati nei giorni precedenti, come la sinodalit\u00e0 e la collegialit\u00e0, e si \u00e8 posto lo sguardo sul mondo e sull&#8217;attenzione che questo rivolge alla Chiesa. E&#8217; emersa la consapevolezza del rischio che la Chiesa diventi autoreferenziale e perda la sua rilevanza se non vive nel mondo e con il mondo. Importanti anche i richiami al dialogo ecumenico e alla missione.<\/p>\n<p><strong>E&#8217; stato comunicato che le sessioni di luned\u00ec si terranno al mattino, dalle 9 alle 12.30 circa e nel pomeriggio, dalle 17:00 alle 19:00 circa.<br \/>\n<\/strong><br \/>\nInoltre, il decano del Collegio dei cardinali ha ricordato che la Basilica di San Pietro per il mese di maggio organizza il Rosario ogni sabato sera alle 21.<\/p>\n<p><strong>Domani chi vuole tra i Cardinali pu\u00f2 celebrare l&#8217;Eucaristia<\/strong> nella propria sede titolare.<br \/>\nInfine, \u00e8 stato segnalato che i lavori di ristrutturazione a Casa Santa Marta, in fase avanzata, termineranno il 5 maggio. Il personale e tutti coloro che sono coinvolti saranno accolti a Santa Marta e Santa Marta Vecchia. <strong>L&#8217;ingresso negli ambienti sar\u00e0 consentito tra marted\u00ec sera e mercoled\u00ec mattina, prima della celebrazione della Messa Pro Eligendo Romano Pontifice.<\/strong><\/p>\n<p>&#8211; Foto IPA Agency &#8211;<\/p>\n<p>(ITALPRESS).<\/p><\/div>\n","protected":false},"excerpt":{"rendered":"<p>CITTA&#8217; DEL VATICANO (ITALPRESS) &#8211; La nona Congregazione Generale dei Cardinali, questa mattina, ha avuto inizio alle ore 9:00, con un momento di preghiera comune. Erano presenti 177 cardinali, di cui 127 elettori. In apertura, sono stati sorteggiati i cardinali della Commissione che assiste il camerlengo nelle congregazioni particolari per il disbrigo degli affari ordinari: [&hellip;]<\/p>\n","protected":false},"author":18,"featured_media":237855,"comment_status":"closed","ping_status":"closed","sticky":false,"template":"","format":"standard","meta":{"ub_ctt_via":"","_mi_skip_tracking":false},"categories":[446],"tags":[783],"featured_image_src":"https:\/\/www.messinaoggi.it\/website\/wp-content\/uploads\/2025\/05\/20250503_0933.jpg","author_info":{"display_name":"Admin","author_link":"https:\/\/www.messinaoggi.it\/website\/author\/admin\/"},"digistream_id":0,"digistream":false,"_links":{"self":[{"href":"https:\/\/www.messinaoggi.it\/website\/wp-json\/wp\/v2\/posts\/237854"}],"collection":[{"href":"https:\/\/www.messinaoggi.it\/website\/wp-json\/wp\/v2\/posts"}],"about":[{"href":"https:\/\/www.messinaoggi.it\/website\/wp-json\/wp\/v2\/types\/post"}],"author":[{"embeddable":true,"href":"https:\/\/www.messinaoggi.it\/website\/wp-json\/wp\/v2\/users\/18"}],"replies":[{"embeddable":true,"href":"https:\/\/www.messinaoggi.it\/website\/wp-json\/wp\/v2\/comments?post=237854"}],"version-history":[{"count":0,"href":"https:\/\/www.messinaoggi.it\/website\/wp-json\/wp\/v2\/posts\/237854\/revisions"}],"wp:featuredmedia":[{"embeddable":true,"href":"https:\/\/www.messinaoggi.it\/website\/wp-json\/wp\/v2\/media\/237855"}],"wp:attachment":[{"href":"https:\/\/www.messinaoggi.it\/website\/wp-json\/wp\/v2\/media?parent=237854"}],"wp:term":[{"taxonomy":"category","embeddable":true,"href":"https:\/\/www.messinaoggi.it\/website\/wp-json\/wp\/v2\/categories?post=237854"},{"taxonomy":"post_tag","embeddable":true,"href":"https:\/\/www.messinaoggi.it\/website\/wp-json\/wp\/v2\/tags?post=237854"}],"curies":[{"name":"wp","href":"https:\/\/api.w.org\/{rel}","templated":true}]}}