{"id":237698,"date":"2025-05-02T11:08:34","date_gmt":"2025-05-02T09:08:34","guid":{"rendered":"https:\/\/www.messinaoggi.it\/website\/2025\/05\/02\/dazi-crolla-stati-uniti-ed-europa-troveranno-un-accordo\/"},"modified":"2025-05-02T11:08:34","modified_gmt":"2025-05-02T09:08:34","slug":"dazi-crolla-stati-uniti-ed-europa-troveranno-un-accordo","status":"publish","type":"post","link":"https:\/\/www.messinaoggi.it\/website\/2025\/05\/02\/dazi-crolla-stati-uniti-ed-europa-troveranno-un-accordo\/","title":{"rendered":"Dazi, Crolla \u201cStati Uniti ed Europa troveranno un accordo\u201d"},"content":{"rendered":"<div>MILANO (ITALPRESS) &#8211; &#8220;Il rapporto Italia-Stati Uniti va oltre il dato commerciale, che \u00e8 fortissimo. Io non posso immaginare una relazione pi\u00f9 alla pari e pi\u00f9 virtuosa di quella che abbiamo sempre vissuto con gli Usa. C&#8217;\u00e8 un momento di incertezza, di grande volubilit\u00e0, ma si superer\u00e0&#8221;. Lo afferma Simone Crolla, consigliere delegato di AmCham Italy, la Camera di Commercio Americana in Italia, intervistato da Claudio Brachino per il magazine televisivo Italpress Economy.<br \/>Secondo Crolla le tensioni tra Europa e Stati Uniti sui dazi saranno superate: &#8220;Tutto fa prevedere che trovino un modo di andare nuovamente d&#8217;accordo. Trump, con questo suo modo un p\u00f2 arrogante e fuori dai canoni tradizionali, sta ottenendo l&#8217;effetto che voleva ottenere, cio\u00e8 tutti a trattare con lui per riequilibrare la bilancia commerciale&#8221;.<br \/>&#8220;Forse questa situazione riporter\u00e0 Europa e Stati Uniti &#8211; prosegue &#8211; a discutere di un trattato di libero scambio, che sarebbe importantissimo per difendere l&#8217;Occidente, cio\u00e8 l&#8217;Europa e gli Stati Uniti, rispetto ad altre aree geopolitiche che sono in forte ascesa ma che non condividono con noi e con gli americani i valori che ci hanno accomunato negli ultimi 80 anni&#8221;.<br \/>Quando Trump dice che l&#8217;Europa con la sua politica commerciale ha &#8220;fregato&#8221; gli Usa, &#8220;dice una mezza verit\u00e0, perch\u00e8 in effetti l&#8217;Europa \u00e8 pi\u00f9 protezionista di quanto lo siano gli Stati Uniti &#8211; sottolinea il consigliere delegato di AmCham Italy -. Oggi una macchina prodotta in Europa vale come dazio all&#8217;importazione negli Usa il 2%. Invece importare una macchina americana verso l&#8217;Europa vale come dazio il 10%. Ci sono anche barriere non tariffarie poste dall&#8217;Europa, quindi sicuramente Trump dice una mezza verit\u00e0, ma la dice incessantemente dagli anni 80, in ogni intervista. Vuole riportare l&#8217;America all&#8217;epoca in cui era davvero la potenza industriale, non soltanto finanziaria o dell&#8217;innovazione. Lo sa anche lui che non ce la potr\u00e0 fare, la manifattura non torna indietro, per\u00f2 qualche cosa otterr\u00e0, \u00e8 una manovra coerente con la sua storia. Questo porta in dote per\u00f2 degli sconvolgimenti&#8221;.<br \/>Infatti se Trump andasse fino in fondo con l&#8217;aumento dei dazi, per le aziende italiane che esportano negli Usa &#8220;i danni sarebbero irreparabili. Se la trattativa dovesse fallire i dazi salirebbero al 25% su tutte le merci che vanno verso gli Stati Uniti&#8221;. Da parte italiana i settori principali coinvolti sono &#8220;il fashion, quindi la moda, il food (cibo) e il furniture, cio\u00e8 tutto il mondo del design e dell&#8217;arredamento &#8211; spiega Crolla -. Una quarta componente riguarda tutto ci\u00f2 che \u00e8 manifattura, robotica, automazione, che \u00e8 industria vera. Quella \u00e8 una parte dell&#8217;export italiano meno nota, ma preponderante, che va verso gli Stati Uniti. Tutto questo diventerebbe naturalmente meno competitivo se ci fosse un dazio del 25%. Ma non ci potr\u00e0 mai essere &#8211; prosegue -, perch\u00e8 molte di queste produzioni non possono essere replicate negli Stati Uniti. Si trover\u00e0 una mediazione, l&#8217;Europa sar\u00e0 costretta con questa trattativa molto vigorosa di Trump ad abbassare alcuni dazi che abbiamo e alcune barriere non tariffarie, che anche Draghi ha definito i dazi che ci siamo dati sostanzialmente da soli&#8221;.<br \/>Il consigliere delegato di AmCham Italy evidenzia come &#8220;gli Stati Uniti siano il primo mercato per le nostre merci al di fuori dell&#8217;Unione Europea, un mercato troppo importante per essere sostituito nottetempo con altre aree geografiche. Per un&#8217;azienda italiana non c&#8217;\u00e8 miglior mercato al mondo di quello americano. <br \/>L\u00ec dobbiamo rimanere per quanto riguarda l&#8217;esportazione, ma anche per gli investimenti diretti. Teniamo conto che negli ultimi 15 anni questi investimenti italiani negli Usa sono cresciuti del 500%. La media azienda italiana riconosce quello americano come il primo mercato nel quale essere per produrre e poi da l\u00ec vendere in America ma non solo&#8221;. <br \/>Nella direzione opposta &#8220;quello italiano \u00e8 un mercato nel quale gli investimenti finanziari americani stanno arrivando in maniera molto massiva. E&#8217; un rapporto virtuoso quello tra Stati Uniti e Italia&#8221;, ribadisce Crolla.<div id=\"div-gpt-ad-Messinaoggi.it-DSK-300x250-corpoart\" style=\"text-align:center;margin:0 auto;\"><\/div><\/p>\n<p>&#8211; Foto Italpress &#8211;<div id=\"videoincontent\" style=\"clear:both\";><\/div><\/p>\n<p>(ITALPRESS).<\/p><\/div>\n","protected":false},"excerpt":{"rendered":"<p>MILANO (ITALPRESS) &#8211; &#8220;Il rapporto Italia-Stati Uniti va oltre il dato commerciale, che \u00e8 fortissimo. Io non posso immaginare una relazione pi\u00f9 alla pari e pi\u00f9 virtuosa di quella che abbiamo sempre vissuto con gli Usa. C&#8217;\u00e8 un momento di incertezza, di grande volubilit\u00e0, ma si superer\u00e0&#8221;. Lo afferma Simone Crolla, consigliere delegato di AmCham [&hellip;]<\/p>\n","protected":false},"author":18,"featured_media":237699,"comment_status":"closed","ping_status":"closed","sticky":false,"template":"","format":"standard","meta":{"ub_ctt_via":"","_mi_skip_tracking":false},"categories":[446],"tags":[783],"featured_image_src":"https:\/\/www.messinaoggi.it\/website\/wp-content\/uploads\/2025\/05\/20250502_0319.jpg","author_info":{"display_name":"Admin","author_link":"https:\/\/www.messinaoggi.it\/website\/author\/admin\/"},"digistream_id":0,"digistream":false,"_links":{"self":[{"href":"https:\/\/www.messinaoggi.it\/website\/wp-json\/wp\/v2\/posts\/237698"}],"collection":[{"href":"https:\/\/www.messinaoggi.it\/website\/wp-json\/wp\/v2\/posts"}],"about":[{"href":"https:\/\/www.messinaoggi.it\/website\/wp-json\/wp\/v2\/types\/post"}],"author":[{"embeddable":true,"href":"https:\/\/www.messinaoggi.it\/website\/wp-json\/wp\/v2\/users\/18"}],"replies":[{"embeddable":true,"href":"https:\/\/www.messinaoggi.it\/website\/wp-json\/wp\/v2\/comments?post=237698"}],"version-history":[{"count":0,"href":"https:\/\/www.messinaoggi.it\/website\/wp-json\/wp\/v2\/posts\/237698\/revisions"}],"wp:featuredmedia":[{"embeddable":true,"href":"https:\/\/www.messinaoggi.it\/website\/wp-json\/wp\/v2\/media\/237699"}],"wp:attachment":[{"href":"https:\/\/www.messinaoggi.it\/website\/wp-json\/wp\/v2\/media?parent=237698"}],"wp:term":[{"taxonomy":"category","embeddable":true,"href":"https:\/\/www.messinaoggi.it\/website\/wp-json\/wp\/v2\/categories?post=237698"},{"taxonomy":"post_tag","embeddable":true,"href":"https:\/\/www.messinaoggi.it\/website\/wp-json\/wp\/v2\/tags?post=237698"}],"curies":[{"name":"wp","href":"https:\/\/api.w.org\/{rel}","templated":true}]}}