{"id":237646,"date":"2025-04-30T19:08:31","date_gmt":"2025-04-30T17:08:31","guid":{"rendered":"https:\/\/www.messinaoggi.it\/website\/2025\/04\/30\/lavoro-meloni-numeri-incoraggianti-investiamo-su-sicurezza\/"},"modified":"2025-04-30T19:08:31","modified_gmt":"2025-04-30T17:08:31","slug":"lavoro-meloni-numeri-incoraggianti-investiamo-su-sicurezza","status":"publish","type":"post","link":"https:\/\/www.messinaoggi.it\/website\/2025\/04\/30\/lavoro-meloni-numeri-incoraggianti-investiamo-su-sicurezza\/","title":{"rendered":"Lavoro, Meloni \u201cNumeri incoraggianti, investiamo su sicurezza\u201d"},"content":{"rendered":"<div>ROMA (ITALPRESS) &#8211; <em>&#8220;Domani \u00e8 la festa del lavoro e anche quest&#8217;anno il governo ha deciso di celebrarla con i fatti. Sono orgogliosa del fatto che in poco pi\u00f9 di due anni e mezzo sono stati creati oltre un milione di posti di lavoro: abbiamo raggiunto il record di occupati, il tasso di occupazione femminile non \u00e8 mai stato cos\u00ec alto e la disoccupazione \u00e8 ai minimi da 18 anni. Aumentano i contratti a tempo indeterminato, diminuisce il precariato e crescono i salari reali, in controtendenza con il passato&#8221;.<\/em> Cos\u00ec la presidente del Consiglio Giorgia <strong>Meloni,<\/strong> in un video sui social dopo la conclusione del <strong>Cdm.<\/strong><div id=\"div-gpt-ad-Messinaoggi.it-DSK-300x250-corpoart\" style=\"text-align:center;margin:0 auto;\"><\/div><\/p>\n<p><em>&#8220;Tra 2013 e 2022, con i precedenti governi, nel resto d&#8217;Europa il potere d&#8217;acquisto dei salari aumentava del 2,5%, mentre in Italia diminuiva del 2%. Da ottobre 2023 la tendenza \u00e8 cambiata e le famiglie stanno progressivamente recuperando potere d&#8217;acquisto, con una dinamica dei salari che \u00e8 migliore rispetto al resto d&#8217;Europa: c&#8217;\u00e8 molto da fare, ma i numeri sono incoraggianti&#8221;,<\/em> ha aggiunto.<div id=\"videoincontent\" style=\"clear:both\";><\/div><\/p>\n<p><em>&#8220;Anche sulla sicurezza sul lavoro c&#8217;\u00e8 ancora tanto da fare: negli ultimi giorni abbiamo registrato nuove vittime e nuovi infortuni. Non si pu\u00f2 morire cos\u00ec e voglio esprimere il mio cordoglio e la mia vicinanza ai familiari delle vittime. Sono comunque consapevole che il cordoglio non basta e bisogna continuare ad agire: di fronte a questo fenomeno, come ha detto il presidente Mattarella, non sono tollerabili indifferenza e rassegnazione. Il governo ha sempre messo al centro il tema della sicurezza sul lavoro, ad esempio con la patente a crediti, con l&#8217;assunzione di nuovo personale ispettivo per incrementare i controlli, con le risorse per premiare le imprese che investono in prevenzione. Oggi abbiamo reperito insieme all&#8217;Inail altri 650 milioni, per mettere in campo nuove misure concrete che, insieme ai 600 milioni gi\u00e0 disponibili dei bandi Inail destinati a cofinanziare gli investimenti delle imprese in questi ambiti, portano a 1,2 miliardi le risorse disponibili per migliorare la sicurezza sul lavoro. Vogliamo condividere queste misure con le parti sociali, che convocheremo nei prossimi giorni a Palazzo Chigi per raccogliere anche i loro suggerimenti e rafforzare le misure che abbiamo previsto; il nostro auspicio \u00e8 di dar vita a un&#8217;alleanza tra istituzioni, sindacati e associazioni datoriali per mettere la sicurezza sul lavoro in cima alle priorit\u00e0 per l&#8217;Italia&#8221;<\/em>, ha concluso Meloni.<\/p>\n<p>-Foto: frame video Youtube Palazzo Chigi-<\/p>\n<p>(ITALPRESS).<\/p><\/div>\n","protected":false},"excerpt":{"rendered":"<p>ROMA (ITALPRESS) &#8211; &#8220;Domani \u00e8 la festa del lavoro e anche quest&#8217;anno il governo ha deciso di celebrarla con i fatti. Sono orgogliosa del fatto che in poco pi\u00f9 di due anni e mezzo sono stati creati oltre un milione di posti di lavoro: abbiamo raggiunto il record di occupati, il tasso di occupazione femminile [&hellip;]<\/p>\n","protected":false},"author":18,"featured_media":237647,"comment_status":"closed","ping_status":"closed","sticky":false,"template":"","format":"standard","meta":{"ub_ctt_via":"","_mi_skip_tracking":false},"categories":[446],"tags":[783],"featured_image_src":"https:\/\/www.messinaoggi.it\/website\/wp-content\/uploads\/2025\/04\/20250430_0958.jpg","author_info":{"display_name":"Admin","author_link":"https:\/\/www.messinaoggi.it\/website\/author\/admin\/"},"digistream_id":0,"digistream":false,"_links":{"self":[{"href":"https:\/\/www.messinaoggi.it\/website\/wp-json\/wp\/v2\/posts\/237646"}],"collection":[{"href":"https:\/\/www.messinaoggi.it\/website\/wp-json\/wp\/v2\/posts"}],"about":[{"href":"https:\/\/www.messinaoggi.it\/website\/wp-json\/wp\/v2\/types\/post"}],"author":[{"embeddable":true,"href":"https:\/\/www.messinaoggi.it\/website\/wp-json\/wp\/v2\/users\/18"}],"replies":[{"embeddable":true,"href":"https:\/\/www.messinaoggi.it\/website\/wp-json\/wp\/v2\/comments?post=237646"}],"version-history":[{"count":0,"href":"https:\/\/www.messinaoggi.it\/website\/wp-json\/wp\/v2\/posts\/237646\/revisions"}],"wp:featuredmedia":[{"embeddable":true,"href":"https:\/\/www.messinaoggi.it\/website\/wp-json\/wp\/v2\/media\/237647"}],"wp:attachment":[{"href":"https:\/\/www.messinaoggi.it\/website\/wp-json\/wp\/v2\/media?parent=237646"}],"wp:term":[{"taxonomy":"category","embeddable":true,"href":"https:\/\/www.messinaoggi.it\/website\/wp-json\/wp\/v2\/categories?post=237646"},{"taxonomy":"post_tag","embeddable":true,"href":"https:\/\/www.messinaoggi.it\/website\/wp-json\/wp\/v2\/tags?post=237646"}],"curies":[{"name":"wp","href":"https:\/\/api.w.org\/{rel}","templated":true}]}}