{"id":237602,"date":"2025-04-30T13:08:32","date_gmt":"2025-04-30T11:08:32","guid":{"rendered":"https:\/\/www.messinaoggi.it\/website\/2025\/04\/30\/lombardia-i-biologi-entrano-in-farmacia-nuovi-servizi-alle-persone\/"},"modified":"2025-04-30T13:08:32","modified_gmt":"2025-04-30T11:08:32","slug":"lombardia-i-biologi-entrano-in-farmacia-nuovi-servizi-alle-persone","status":"publish","type":"post","link":"https:\/\/www.messinaoggi.it\/website\/2025\/04\/30\/lombardia-i-biologi-entrano-in-farmacia-nuovi-servizi-alle-persone\/","title":{"rendered":"Lombardia, i biologi entrano in farmacia \u201cNuovi servizi alle persone\u201d"},"content":{"rendered":"<div>MILANO (ITALPRESS) &#8211; L&#8217;Ordine dei Biologi e Federfarma della Lombardia hanno recentemente firmato un Protocollo d&#8217;Intesa che, di fatto, porta i biologi all&#8217;interno delle farmacie della regione, integrando le rispettive competenze per l&#8217;accesso pi\u00f9 ampio da parte dei pazienti a prestazioni di prevenzione e supporto clinico. La collaborazione, in linea con le normative vigenti, si concentrer\u00e0 su attivit\u00e0 congiunte in ambito formativo, scientifico e operativo. Il Protocollo, valido fino al 31 dicembre 2026, prevede l&#8217;attivazione di servizi quali consulenze dietetico-nutrizionali, esecuzione di prelievi ematici capillari e tamponi, oltre a iniziative di educazione alla salute. Intervistati da Italpress, Annarosa Racca, presidente di Federfarma Lombardia, e Rudy Alexander Rossetto, presidente dell&#8217;Ordine dei Biologi della Lombardia, hanno spiegato contenuti, contesto e prospettive future di questa nuova collaborazione. &#8220;E&#8217; p\u00f2 la continuazione della farmacia dei servizi. Le persone sanno che in farmacia ormai non trovano solo farmaci, ma anche tante altre cose &#8211; spiega la numero uno dei farmacisti lombardi -. Ormai nei nostri negozi sono arrivate altre figure professionali, cone gli infermieri, e altri servizi come la telecardiologia o la possibilit\u00e0 di leggere il fascicolo sanitario e pu\u00f2 quindi di sapere le ricette che il medico ha prescritto, quindi facilitando anche l&#8217;accesso alla ricetta medica&#8221;. &#8220;In questo contesto &#8211; aggiunge Annarosa Racca &#8211; ecco l&#8217;accordo con i biologi che sar\u00e0 secondo me importante perch\u00e8 potremo offrire altri servizi, per esempio quello nutrizionale. Ma naturalmente i servizi offerti saranno tanti altri&#8221;. &#8220;Ringrazio Federfarma perch\u00e8 il punto di vista \u00e8 stato comune, unico, condiviso. Che \u00e8 quello che ogni professionista deve poter mettere a disposizione le proprie professionalit\u00e0 ovunque, che sia in farmacia dei servizi, che sia in un laboratorio polispecialistico, che sia in un ospedale. Il biologo deve fare il biologo in ogni situazione, e questo in farmacia dei servizi pu\u00f2 essere utile per tante cose&#8221; spiega il presidente dell&#8217;Ordine dei Biologi della Lombardia. &#8220;Durante il Covid siamo anche stati messi in condizione di vaccinare, magari in futuro poremmo essere utili anche per fare le vaccinazioni anti-influenzali, potrebbe essere un&#8217;apertura sicuramente importante&#8221; ha detto ancora Rossetto. &#8220;Parlando di analisi, chiaramente non ci si vuole sostituire a nessuno  e nessuno si sostituir\u00e0 ai laboratori, stiamo parlando di due cose differenti, per\u00f2 lo screening primario che pu\u00f2 essere fatto all&#8217;interno di una farmacia di servizi con i POCT questo lo possiamo fare. E questo potrebbe essere un valore aggiunto anche a livello qualitativo. Poi sono altri i tavoli dove si stabilisce cosa si pu\u00f2 fare e che si pu\u00f2 fare&#8221; conclude il numero uno dei biologi lombardi. A proposito di  un&#8217;eventuale estensione del protocollo a livello nazionale, Annarosa Racca conferma: &#8220;Penso che il protocollo sia assolutamente utile e necessario, perch\u00e8 naturalmente le esigenze dei pazienti e dei malati lombardi sono quelle poi le esigenze di tutta Italia. Noi abbiamo la fortuna di avere un sistema sanitario nazionale universalistico che si occupa della salute di tutti e quindi naturalmente mi auguro che questo possa avere seguito&#8221;. Per l&#8217;occasione Federfarma sta organizzando dei roadshow con tutti gli stakeholder, con la presenza di rappresentanti dell&#8217;Ordine dei Biologi, in tutta la Lombardia per illustrare i contenuti del protocollo d&#8217;Intesa. Dopo la prima tappa di Varese, le prossime saranno a Lodi, Bergamo e Milano. Sullo stesso argomento sar\u00e0 il tour delle province dell&#8217;Ordine dei Biologi della Lombardia, Lab Italia che ci sar\u00e0 il 18 di giugno e la Notte Blu del 7 di novembre.(ITALPRESS).<div id=\"div-gpt-ad-Messinaoggi.it-DSK-300x250-corpoart\" style=\"text-align:center;margin:0 auto;\"><\/div><\/p>\n<p>Foto: Italpress<div id=\"videoincontent\" style=\"clear:both\";><\/div><\/p><\/div>\n","protected":false},"excerpt":{"rendered":"<p>MILANO (ITALPRESS) &#8211; L&#8217;Ordine dei Biologi e Federfarma della Lombardia hanno recentemente firmato un Protocollo d&#8217;Intesa che, di fatto, porta i biologi all&#8217;interno delle farmacie della regione, integrando le rispettive competenze per l&#8217;accesso pi\u00f9 ampio da parte dei pazienti a prestazioni di prevenzione e supporto clinico. La collaborazione, in linea con le normative vigenti, si [&hellip;]<\/p>\n","protected":false},"author":18,"featured_media":237603,"comment_status":"closed","ping_status":"closed","sticky":false,"template":"","format":"standard","meta":{"ub_ctt_via":"","_mi_skip_tracking":false},"categories":[446],"tags":[783],"featured_image_src":"https:\/\/www.messinaoggi.it\/website\/wp-content\/uploads\/2025\/04\/20250430_0116.jpg","author_info":{"display_name":"Admin","author_link":"https:\/\/www.messinaoggi.it\/website\/author\/admin\/"},"digistream_id":0,"digistream":false,"_links":{"self":[{"href":"https:\/\/www.messinaoggi.it\/website\/wp-json\/wp\/v2\/posts\/237602"}],"collection":[{"href":"https:\/\/www.messinaoggi.it\/website\/wp-json\/wp\/v2\/posts"}],"about":[{"href":"https:\/\/www.messinaoggi.it\/website\/wp-json\/wp\/v2\/types\/post"}],"author":[{"embeddable":true,"href":"https:\/\/www.messinaoggi.it\/website\/wp-json\/wp\/v2\/users\/18"}],"replies":[{"embeddable":true,"href":"https:\/\/www.messinaoggi.it\/website\/wp-json\/wp\/v2\/comments?post=237602"}],"version-history":[{"count":0,"href":"https:\/\/www.messinaoggi.it\/website\/wp-json\/wp\/v2\/posts\/237602\/revisions"}],"wp:featuredmedia":[{"embeddable":true,"href":"https:\/\/www.messinaoggi.it\/website\/wp-json\/wp\/v2\/media\/237603"}],"wp:attachment":[{"href":"https:\/\/www.messinaoggi.it\/website\/wp-json\/wp\/v2\/media?parent=237602"}],"wp:term":[{"taxonomy":"category","embeddable":true,"href":"https:\/\/www.messinaoggi.it\/website\/wp-json\/wp\/v2\/categories?post=237602"},{"taxonomy":"post_tag","embeddable":true,"href":"https:\/\/www.messinaoggi.it\/website\/wp-json\/wp\/v2\/tags?post=237602"}],"curies":[{"name":"wp","href":"https:\/\/api.w.org\/{rel}","templated":true}]}}