{"id":237600,"date":"2025-04-30T13:08:30","date_gmt":"2025-04-30T11:08:30","guid":{"rendered":"https:\/\/www.messinaoggi.it\/website\/2025\/04\/30\/schlein-quando-saremo-al-governo-salario-minimo-e-sconti-in-bolletta\/"},"modified":"2025-04-30T13:08:30","modified_gmt":"2025-04-30T11:08:30","slug":"schlein-quando-saremo-al-governo-salario-minimo-e-sconti-in-bolletta","status":"publish","type":"post","link":"https:\/\/www.messinaoggi.it\/website\/2025\/04\/30\/schlein-quando-saremo-al-governo-salario-minimo-e-sconti-in-bolletta\/","title":{"rendered":"Schlein \u201cQuando saremo al governo salario minimo e sconti in bolletta\u201d"},"content":{"rendered":"<div>ROMA (ITALPRESS) &#8211;<em> &#8220;L&#8217;Italia \u00e8 l&#8217;unico Paese Ocse in cui, negli ultimi tre decenni, il salario medio anzich\u00e8 crescere \u00e8 diminuito. E la risposta del governo? Un assordante silenzio&#8221;.<\/em> Cos\u00ec la segretaria del Pd, Elly <strong>Schlein,<\/strong> in un&#8217;intervista a <strong><em>la Repubblica,<\/em><\/strong> secondo la quale<em> &#8220;occorre rilanciare la domanda interna, quindi aumentare i salari. Bisogna approvare subito il salario minimo, che \u00e8 una vergogna la maggioranza abbia bloccato su un binario morto, e rinnovare i contratti nazionali scaduti per 5 milioni di lavoratori&#8221;<\/em>. Poi, aggiunge: <em>&#8220;Meloni, insisto, ha voltato le spalle a quasi quattro milioni di lavoratori poveri affossando la nostra proposta sul salario minimo che rafforza la contrattazione collettiva e spazza via i contratti pirata, promossi da sigle non rappresentative al solo scopo di produrre precari e fare dumping sulle retribuzioni&#8221;.<\/em><div id=\"div-gpt-ad-Messinaoggi.it-DSK-300x250-corpoart\" style=\"text-align:center;margin:0 auto;\"><\/div><\/p>\n<p>Schlein si sofferma anche sul caro bollette, sottolineando:<em> &#8220;Non si capisce perch\u00e8 Meloni continui a difendere gli extra-profitti dei colossi energetici a scapito di imprese e famiglie, anzich\u00e8 seguire la strada di altri Paesi: scorporare il prezzo del gas da quello dell&#8217;energia. Se non si muovono lo faremo noi, insieme al salario minimo, quando saremo al governo&#8221;.<\/em><div id=\"videoincontent\" style=\"clear:both\";><\/div><\/p>\n<p>-Foto: Ipa Agency-<\/p>\n<p>(ITALPRESS).<\/p><\/div>\n","protected":false},"excerpt":{"rendered":"<p>ROMA (ITALPRESS) &#8211; &#8220;L&#8217;Italia \u00e8 l&#8217;unico Paese Ocse in cui, negli ultimi tre decenni, il salario medio anzich\u00e8 crescere \u00e8 diminuito. E la risposta del governo? Un assordante silenzio&#8221;. Cos\u00ec la segretaria del Pd, Elly Schlein, in un&#8217;intervista a la Repubblica, secondo la quale &#8220;occorre rilanciare la domanda interna, quindi aumentare i salari. Bisogna approvare [&hellip;]<\/p>\n","protected":false},"author":18,"featured_media":237601,"comment_status":"closed","ping_status":"closed","sticky":false,"template":"","format":"standard","meta":{"ub_ctt_via":"","_mi_skip_tracking":false},"categories":[446],"tags":[783],"featured_image_src":"https:\/\/www.messinaoggi.it\/website\/wp-content\/uploads\/2025\/04\/20250430_0104.jpg","author_info":{"display_name":"Admin","author_link":"https:\/\/www.messinaoggi.it\/website\/author\/admin\/"},"digistream_id":0,"digistream":false,"_links":{"self":[{"href":"https:\/\/www.messinaoggi.it\/website\/wp-json\/wp\/v2\/posts\/237600"}],"collection":[{"href":"https:\/\/www.messinaoggi.it\/website\/wp-json\/wp\/v2\/posts"}],"about":[{"href":"https:\/\/www.messinaoggi.it\/website\/wp-json\/wp\/v2\/types\/post"}],"author":[{"embeddable":true,"href":"https:\/\/www.messinaoggi.it\/website\/wp-json\/wp\/v2\/users\/18"}],"replies":[{"embeddable":true,"href":"https:\/\/www.messinaoggi.it\/website\/wp-json\/wp\/v2\/comments?post=237600"}],"version-history":[{"count":0,"href":"https:\/\/www.messinaoggi.it\/website\/wp-json\/wp\/v2\/posts\/237600\/revisions"}],"wp:featuredmedia":[{"embeddable":true,"href":"https:\/\/www.messinaoggi.it\/website\/wp-json\/wp\/v2\/media\/237601"}],"wp:attachment":[{"href":"https:\/\/www.messinaoggi.it\/website\/wp-json\/wp\/v2\/media?parent=237600"}],"wp:term":[{"taxonomy":"category","embeddable":true,"href":"https:\/\/www.messinaoggi.it\/website\/wp-json\/wp\/v2\/categories?post=237600"},{"taxonomy":"post_tag","embeddable":true,"href":"https:\/\/www.messinaoggi.it\/website\/wp-json\/wp\/v2\/tags?post=237600"}],"curies":[{"name":"wp","href":"https:\/\/api.w.org\/{rel}","templated":true}]}}