{"id":237570,"date":"2025-04-30T11:43:20","date_gmt":"2025-04-30T09:43:20","guid":{"rendered":"http:\/\/www.messinaoggi.it\/website\/?p=237570"},"modified":"2025-04-30T11:43:21","modified_gmt":"2025-04-30T09:43:21","slug":"un-flash-mob-per-sara-messina-fa-rumore","status":"publish","type":"post","link":"https:\/\/www.messinaoggi.it\/website\/2025\/04\/30\/un-flash-mob-per-sara-messina-fa-rumore\/","title":{"rendered":"Un flash mob per Sara: &#8220;Messina fa rumore&#8221;"},"content":{"rendered":"\n<p>Ieri a Messina, a distanza di quasi un mese dal delitto, si \u00e8 tenuto un flash mob in memoria di <strong>Sara Campanella<\/strong>, la studentessa universitaria tragicamente uccisa il 31 marzo.  <div id=\"div-gpt-ad-Messinaoggi.it-DSK-300x250-corpoart\" style=\"text-align:center;margin:0 auto;\"><\/div><\/p>\n\n\n\n<p>L&#8217;evento, intitolato <em>&#8220;Il silenzio uccide. Messina fa rumore&#8221;<\/em>, si \u00e8 svolto in Piazza Pugliatti ed \u00e8 stato organizzato dall&#8217;amministrazione comunale in collaborazione con l&#8217;Universit\u00e0 degli Studi di Messina.  L&#8217;iniziativa ha avuto lo scopo di sensibilizzare la cittadinanza contro ogni forma di violenza e di ricordare Sara attraverso un momento di raccoglimento e testimonianza.<div id=\"videoincontent\" style=\"clear:both\";><\/div><\/p>\n\n\n\n<p> Durante il flash mob, il sindaco <strong>Federico Basile<\/strong> ha annunciato l&#8217;intenzione di avviare un percorso di attivit\u00e0 di sensibilizzazione che coinvolger\u00e0 l&#8217;intera cittadinanza, con particolare attenzione ai pi\u00f9 giovani.  Inoltre, \u00e8 prevista la riqualificazione dell\u2019aiuola dedicata a Sara, per lasciare un segno concreto e duraturo della vicinanza e del ricordo collettivo della comunit\u00e0. <\/p>\n\n\n\n<p>Il fratello di Sara, <strong>Claudio Campanella<\/strong>, ha concluso l&#8217;evento con un commovente intervento, esclamando &#8220;Sara vive!&#8221;, sottolineando l&#8217;importanza di mantenere viva la memoria della sorella e di continuare a lottare contro la violenza.  Durante il suo intervento, ha letto una lettera scritta da Sara per un&#8217;amica, condividendo le sue parole e il suo spirito con tutti i presenti. <\/p>\n\n\n\n<p>L&#8217;evento ha visto la partecipazione di numerosi cittadini, studenti e rappresentanti delle istituzioni, uniti nel ricordo di Sara e nell&#8217;impegno a costruire una comunit\u00e0 pi\u00f9 consapevole e solidale. <\/p>\n","protected":false},"excerpt":{"rendered":"<p>Ieri a Messina, a distanza di quasi un mese dal delitto, si \u00e8 tenuto un flash mob in memoria di Sara Campanella, la studentessa universitaria tragicamente uccisa il 31 marzo. L&#8217;evento, intitolato &#8220;Il silenzio uccide. Messina fa rumore&#8221;, si \u00e8 svolto in Piazza Pugliatti ed \u00e8 stato organizzato dall&#8217;amministrazione comunale in collaborazione con l&#8217;Universit\u00e0 degli [&hellip;]<\/p>\n","protected":false},"author":15,"featured_media":237577,"comment_status":"open","ping_status":"open","sticky":false,"template":"","format":"standard","meta":{"ub_ctt_via":"","_mi_skip_tracking":false},"categories":[5,6],"tags":[11458,2972,7120,11416,9291],"featured_image_src":"https:\/\/www.messinaoggi.it\/website\/wp-content\/uploads\/2025\/04\/plesso-centrale-4.jpg","author_info":{"display_name":"red.me","author_link":"https:\/\/www.messinaoggi.it\/website\/author\/red-me\/"},"digistream_id":0,"digistream":false,"_links":{"self":[{"href":"https:\/\/www.messinaoggi.it\/website\/wp-json\/wp\/v2\/posts\/237570"}],"collection":[{"href":"https:\/\/www.messinaoggi.it\/website\/wp-json\/wp\/v2\/posts"}],"about":[{"href":"https:\/\/www.messinaoggi.it\/website\/wp-json\/wp\/v2\/types\/post"}],"author":[{"embeddable":true,"href":"https:\/\/www.messinaoggi.it\/website\/wp-json\/wp\/v2\/users\/15"}],"replies":[{"embeddable":true,"href":"https:\/\/www.messinaoggi.it\/website\/wp-json\/wp\/v2\/comments?post=237570"}],"version-history":[{"count":6,"href":"https:\/\/www.messinaoggi.it\/website\/wp-json\/wp\/v2\/posts\/237570\/revisions"}],"predecessor-version":[{"id":237576,"href":"https:\/\/www.messinaoggi.it\/website\/wp-json\/wp\/v2\/posts\/237570\/revisions\/237576"}],"wp:featuredmedia":[{"embeddable":true,"href":"https:\/\/www.messinaoggi.it\/website\/wp-json\/wp\/v2\/media\/237577"}],"wp:attachment":[{"href":"https:\/\/www.messinaoggi.it\/website\/wp-json\/wp\/v2\/media?parent=237570"}],"wp:term":[{"taxonomy":"category","embeddable":true,"href":"https:\/\/www.messinaoggi.it\/website\/wp-json\/wp\/v2\/categories?post=237570"},{"taxonomy":"post_tag","embeddable":true,"href":"https:\/\/www.messinaoggi.it\/website\/wp-json\/wp\/v2\/tags?post=237570"}],"curies":[{"name":"wp","href":"https:\/\/api.w.org\/{rel}","templated":true}]}}