{"id":237530,"date":"2025-04-29T22:08:30","date_gmt":"2025-04-29T20:08:30","guid":{"rendered":"https:\/\/www.messinaoggi.it\/website\/2025\/04\/29\/calenda-i-salari-e-la-sanita-sono-questioni-centrali-di-questo-paese\/"},"modified":"2025-04-29T22:08:30","modified_gmt":"2025-04-29T20:08:30","slug":"calenda-i-salari-e-la-sanita-sono-questioni-centrali-di-questo-paese","status":"publish","type":"post","link":"https:\/\/www.messinaoggi.it\/website\/2025\/04\/29\/calenda-i-salari-e-la-sanita-sono-questioni-centrali-di-questo-paese\/","title":{"rendered":"Calenda \u201cI salari e la sanit\u00e0 sono questioni centrali di questo Paese\u201d"},"content":{"rendered":"<div>ROMA (ITALPRESS) &#8211; &#8220;I salari e la sanit\u00e0 sono le questioni centrali di questo Paese e bene ha fatto il presidente Mattarella a ricordarlo. Ora per\u00f2 bisognerebbe agire in due modi: stimolando gli investimenti, perch\u00e8 il mercato sta crollando, e con il salario minimo, perch\u00e8 la gente non pu\u00f2 non arrivare a fine mese&#8221;. Lo dichiara il leader di Azione Carlo Calenda.<br \/>-foto Ipa Agency-<br \/>(ITALPRESS).<\/div>\n<div id=\"div-gpt-ad-Messinaoggi.it-DSK-300x250-corpoart\" style=\"text-align:center;margin:0 auto;\"><\/div><\/p><div id=\"videoincontent\" style=\"clear:both\";><\/div>","protected":false},"excerpt":{"rendered":"<p>ROMA (ITALPRESS) &#8211; &#8220;I salari e la sanit\u00e0 sono le questioni centrali di questo Paese e bene ha fatto il presidente Mattarella a ricordarlo. Ora per\u00f2 bisognerebbe agire in due modi: stimolando gli investimenti, perch\u00e8 il mercato sta crollando, e con il salario minimo, perch\u00e8 la gente non pu\u00f2 non arrivare a fine mese&#8221;. Lo [&hellip;]<\/p>\n","protected":false},"author":18,"featured_media":237531,"comment_status":"closed","ping_status":"closed","sticky":false,"template":"","format":"standard","meta":{"ub_ctt_via":"","_mi_skip_tracking":false},"categories":[446],"tags":[783],"featured_image_src":"https:\/\/www.messinaoggi.it\/website\/wp-content\/uploads\/2025\/04\/20250429_2006.jpg","author_info":{"display_name":"Admin","author_link":"https:\/\/www.messinaoggi.it\/website\/author\/admin\/"},"digistream_id":0,"digistream":false,"_links":{"self":[{"href":"https:\/\/www.messinaoggi.it\/website\/wp-json\/wp\/v2\/posts\/237530"}],"collection":[{"href":"https:\/\/www.messinaoggi.it\/website\/wp-json\/wp\/v2\/posts"}],"about":[{"href":"https:\/\/www.messinaoggi.it\/website\/wp-json\/wp\/v2\/types\/post"}],"author":[{"embeddable":true,"href":"https:\/\/www.messinaoggi.it\/website\/wp-json\/wp\/v2\/users\/18"}],"replies":[{"embeddable":true,"href":"https:\/\/www.messinaoggi.it\/website\/wp-json\/wp\/v2\/comments?post=237530"}],"version-history":[{"count":0,"href":"https:\/\/www.messinaoggi.it\/website\/wp-json\/wp\/v2\/posts\/237530\/revisions"}],"wp:featuredmedia":[{"embeddable":true,"href":"https:\/\/www.messinaoggi.it\/website\/wp-json\/wp\/v2\/media\/237531"}],"wp:attachment":[{"href":"https:\/\/www.messinaoggi.it\/website\/wp-json\/wp\/v2\/media?parent=237530"}],"wp:term":[{"taxonomy":"category","embeddable":true,"href":"https:\/\/www.messinaoggi.it\/website\/wp-json\/wp\/v2\/categories?post=237530"},{"taxonomy":"post_tag","embeddable":true,"href":"https:\/\/www.messinaoggi.it\/website\/wp-json\/wp\/v2\/tags?post=237530"}],"curies":[{"name":"wp","href":"https:\/\/api.w.org\/{rel}","templated":true}]}}