{"id":237444,"date":"2025-04-29T13:32:31","date_gmt":"2025-04-29T11:32:31","guid":{"rendered":"http:\/\/www.messinaoggi.it\/website\/?p=237444"},"modified":"2025-04-29T13:32:36","modified_gmt":"2025-04-29T11:32:36","slug":"cimiteri-apertura-per-la-festa-del-lavoro","status":"publish","type":"post","link":"https:\/\/www.messinaoggi.it\/website\/2025\/04\/29\/cimiteri-apertura-per-la-festa-del-lavoro\/","title":{"rendered":"Cimiteri, apertura per la festa del lavoro"},"content":{"rendered":"\n<p>Il dipartimento Servizi cimiteriali, d&#8217;intesa con l&#8217;assessore <strong>Massimiliano Minutoli<\/strong>, ha comunicato che, in occasione della festa del lavoro, gioved\u00ec 1 maggio, tutti i cimiteri cittadini saranno aperti, dalle ore 8 sino alle 13. <div id=\"div-gpt-ad-Messinaoggi.it-DSK-300x250-corpoart\" style=\"text-align:center;margin:0 auto;\"><\/div><\/p>\n\n\n\n<p>Sempre gioved\u00ec 1 maggio sar\u00e0 regolarmente garantito anche il servizio di accoglienza salme con orario di apertura dalle 8 alle 13. Mercoled\u00ec 30 aprile, invece, i cimiteri suburbani rimarranno chiusi per riposo settimanale. <div id=\"videoincontent\" style=\"clear:both\";><\/div><\/p>\n","protected":false},"excerpt":{"rendered":"<p>Il dipartimento Servizi cimiteriali, d&#8217;intesa con l&#8217;assessore Massimiliano Minutoli, ha comunicato che, in occasione della festa del lavoro, gioved\u00ec 1 maggio, tutti i cimiteri cittadini saranno aperti, dalle ore 8 sino alle 13. Sempre gioved\u00ec 1 maggio sar\u00e0 regolarmente garantito anche il servizio di accoglienza salme con orario di apertura dalle 8 alle 13. Mercoled\u00ec [&hellip;]<\/p>\n","protected":false},"author":15,"featured_media":237448,"comment_status":"open","ping_status":"open","sticky":false,"template":"","format":"standard","meta":{"ub_ctt_via":"","_mi_skip_tracking":false},"categories":[5,6],"tags":[11457,5812,7676,10740],"featured_image_src":"https:\/\/www.messinaoggi.it\/website\/wp-content\/uploads\/2025\/04\/cimitero-messina.jpg","author_info":{"display_name":"red.me","author_link":"https:\/\/www.messinaoggi.it\/website\/author\/red-me\/"},"digistream_id":0,"digistream":false,"_links":{"self":[{"href":"https:\/\/www.messinaoggi.it\/website\/wp-json\/wp\/v2\/posts\/237444"}],"collection":[{"href":"https:\/\/www.messinaoggi.it\/website\/wp-json\/wp\/v2\/posts"}],"about":[{"href":"https:\/\/www.messinaoggi.it\/website\/wp-json\/wp\/v2\/types\/post"}],"author":[{"embeddable":true,"href":"https:\/\/www.messinaoggi.it\/website\/wp-json\/wp\/v2\/users\/15"}],"replies":[{"embeddable":true,"href":"https:\/\/www.messinaoggi.it\/website\/wp-json\/wp\/v2\/comments?post=237444"}],"version-history":[{"count":4,"href":"https:\/\/www.messinaoggi.it\/website\/wp-json\/wp\/v2\/posts\/237444\/revisions"}],"predecessor-version":[{"id":237449,"href":"https:\/\/www.messinaoggi.it\/website\/wp-json\/wp\/v2\/posts\/237444\/revisions\/237449"}],"wp:featuredmedia":[{"embeddable":true,"href":"https:\/\/www.messinaoggi.it\/website\/wp-json\/wp\/v2\/media\/237448"}],"wp:attachment":[{"href":"https:\/\/www.messinaoggi.it\/website\/wp-json\/wp\/v2\/media?parent=237444"}],"wp:term":[{"taxonomy":"category","embeddable":true,"href":"https:\/\/www.messinaoggi.it\/website\/wp-json\/wp\/v2\/categories?post=237444"},{"taxonomy":"post_tag","embeddable":true,"href":"https:\/\/www.messinaoggi.it\/website\/wp-json\/wp\/v2\/tags?post=237444"}],"curies":[{"name":"wp","href":"https:\/\/api.w.org\/{rel}","templated":true}]}}