{"id":237425,"date":"2025-04-29T12:46:57","date_gmt":"2025-04-29T10:46:57","guid":{"rendered":"http:\/\/www.messinaoggi.it\/website\/?p=237425"},"modified":"2025-04-29T12:47:00","modified_gmt":"2025-04-29T10:47:00","slug":"consiglio-straordinario-sullacqua-a-messina-tra-richieste-di-chiarezza-controlli-in-corso-e-nuove-mobilitazioni","status":"publish","type":"post","link":"https:\/\/www.messinaoggi.it\/website\/2025\/04\/29\/consiglio-straordinario-sullacqua-a-messina-tra-richieste-di-chiarezza-controlli-in-corso-e-nuove-mobilitazioni\/","title":{"rendered":"Consiglio straordinario sull\u2019acqua a Messina: tra richieste di chiarezza, controlli in corso e nuove mobilitazioni"},"content":{"rendered":"\n<p>Si \u00e8 svolto ieri, a Palazzo Zanca, il Consiglio Comunale straordinario dedicato alla questione dell\u2019acqua non potabile a Messina. Alla seduta, convocata su richiesta dei gruppi di opposizione, con prima firmataria Antonella Russo (PD) assieme ad altri 15 consiglieri, hanno partecipato il sindaco <strong>Federico Basile<\/strong>, l\u2019assessore ai Servizi Pubblici Essenziali <strong>Massimiliano Minutoli<\/strong>, il presidente di AMAM <strong>Paolo Alibrandi<\/strong>, il direttore generale dell\u2019Asp <strong>Giuseppe Cucc\u00ec<\/strong>, e rappresentanti del comitato \u201cVogliamo l\u2019acqua dal rubinetto\u201d. Una seduta molto partecipata e attesa, alla quale ha assistito anche un folto pubblico.<div id=\"div-gpt-ad-Messinaoggi.it-DSK-300x250-corpoart\" style=\"text-align:center;margin:0 auto;\"><\/div><\/p>\n\n\n\n<h2>Il nodo dell\u2019ordinanza ancora in vigore<\/h2>\n\n\n\n<p>Ad aprire i lavori \u00e8 stata la consigliera del Partito Democratico Antonella Russo, che ha denunciato la mancanza di chiarezza da parte dell\u2019amministrazione. <div id=\"videoincontent\" style=\"clear:both\";><\/div><\/p>\n\n\n\n<p>\u00ab\u00c8 surreale \u2013 ha affermato \u2013 dire che l\u2019acqua \u00e8 conforme ai parametri e contemporaneamente mantenerne il divieto d\u2019uso potabile. Se i dati ci sono, si revochi l\u2019ordinanza\u00bb. <\/p>\n\n\n\n<p>Russo ha inoltre chiesto spiegazioni sulla regolarit\u00e0 urbanistica dei pozzi di Briga e Mili, sollevando dubbi sulla distanza da cimiteri e condotte fognarie, come previsto dalla legge.<\/p>\n\n\n\n<h2>Basile: \u201cNon possiamo agire senza l\u2019ok dell\u2019Asp\u201d<\/h2>\n\n\n\n<p>Il sindaco Federico Basile ha risposto confermando che i parametri microbiologici e chimici rilevati da AMAM sui pozzi attivati a partire da settembre 2024 sono \u201cconformi\u201d, ma ha ribadito che il Comune non pu\u00f2 revocare l\u2019ordinanza senza il parere definitivo dell\u2019ASP. <\/p>\n\n\n\n<p>\u00abCi muoviamo con prudenza e responsabilit\u00e0 \u2013 ha detto \u2013. Non vogliamo generare false aspettative nei cittadini\u00bb. <\/p>\n\n\n\n<p>Il primo cittadino ha anche evidenziato come l\u2019amministrazione abbia scelto la strada della cautela, in attesa dei completamenti procedurali imposti dalle norme sanitarie.<\/p>\n\n\n\n<h2>ASP: un solo pozzo \u00e8 gi\u00e0 idoneo, altri in fase di verifica<\/h2>\n\n\n\n<p>A confermare la posizione del sindaco \u00e8 stato il direttore generale dell\u2019Asp di Messina, Giuseppe Cucc\u00ec. <\/p>\n\n\n\n<p>\u00abAl momento \u2013 ha spiegato \u2013 soltanto il pozzo \u201cCucinotta\u201d ha ricevuto l\u2019idoneit\u00e0 sanitaria provvisoria. Gli altri sono ancora oggetto di monitoraggio e verifiche\u00bb. <\/p>\n\n\n\n<p>Cucc\u00ec ha ricordato che la potabilit\u00e0 non dipende solo dalla qualit\u00e0 dell\u2019acqua, ma anche dalla sicurezza degli impianti. \u00abL\u2019Asp \u2013 ha assicurato \u2013 continuer\u00e0 con i controlli, accelerando le valutazioni\u00bb.<\/p>\n\n\n\n<h2>AMAM: dati trasmessi, ma la comunicazione \u00e8 stata difficile<\/h2>\n\n\n\n<p>Il presidente dell\u2019AMAM, Paolo Alibrandi, ha confermato che l\u2019azienda ha effettuato campionamenti regolari e che i dati sono stati trasmessi alle autorit\u00e0. <\/p>\n\n\n\n<p>\u00abIl problema \u2013 ha ammesso \u2013 \u00e8 stato comunicare in modo chiaro, evitando allarmismi. Ma nessuna informazione \u00e8 stata nascosta\u00bb. <\/p>\n\n\n\n<p>L\u2019AMAM ha inoltre promesso maggiore trasparenza sulla pubblicazione dei risultati delle analisi.<\/p>\n\n\n\n<h2>Le critiche dell\u2019opposizione<\/h2>\n\n\n\n<p>Il capogruppo del PD, Felice Calabr\u00f2, ha chiesto che l\u2019amministrazione valuti l\u2019ipotesi di riconoscere rimborsi per i cittadini che non hanno potuto usare l\u2019acqua per uso alimentare. <\/p>\n\n\n\n<p>\u00abL\u2019acqua \u00e8 un diritto \u2013 ha dichiarato \u2013 e se il servizio non \u00e8 stato pienamente garantito, bisogna riconoscere questa condizione\u00bb. <\/p>\n\n\n\n<p>Anche la consigliera Russo ha insistito sulla necessit\u00e0 di revocare subito l\u2019ordinanza se sussistono i requisiti.<\/p>\n\n\n\n<h2>Trischitta: \u201cAltre citt\u00e0 sono messe peggio\u201d<\/h2>\n\n\n\n<p>A difendere l\u2019operato dell\u2019amministrazione \u00e8 stato il consigliere Pippo Trischitta, che ha sottolineato come Messina, a differenza di altri comuni siciliani, abbia comunque garantito la continuit\u00e0 del servizio idrico. <\/p>\n\n\n\n<p>\u00abAltre citt\u00e0 hanno razionato l\u2019acqua \u2013 ha affermato \u2013 noi no. C\u2019\u00e8 stato uno sforzo importante per fronteggiare l\u2019emergenza e questo va riconosciuto\u00bb.<\/p>\n\n\n\n<h2>Il Comitato: sit-in davanti all\u2019Asp il 10 maggio<\/h2>\n\n\n\n<p>A margine della seduta \u00e8 intervenuto anche il Comitato \u201cVogliamo l\u2019acqua dal rubinetto\u201d, che ha annunciato una nuova mobilitazione: un sit-in davanti alla sede dell\u2019Asp in via La Farina, previsto per il 10 maggio. Il Comitato ha ribadito le proprie richieste: pubblicazione completa dei dati sulla qualit\u00e0 dell\u2019acqua, trasparenza nella gestione del servizio e garanzie sulla sicurezza della rete idrica cittadina.<\/p>\n","protected":false},"excerpt":{"rendered":"<p>Si \u00e8 svolto ieri, a Palazzo Zanca, il Consiglio Comunale straordinario dedicato alla questione dell\u2019acqua non potabile a Messina. Alla seduta, convocata su richiesta dei gruppi di opposizione, con prima firmataria Antonella Russo (PD) assieme ad altri 15 consiglieri, hanno partecipato il sindaco Federico Basile, l\u2019assessore ai Servizi Pubblici Essenziali Massimiliano Minutoli, il presidente di [&hellip;]<\/p>\n","protected":false},"author":15,"featured_media":152421,"comment_status":"open","ping_status":"open","sticky":false,"template":"","format":"standard","meta":{"ub_ctt_via":"","_mi_skip_tracking":false},"categories":[4,6],"tags":[95,8089,8313,1080,6371,40,7325,10737],"featured_image_src":"https:\/\/www.messinaoggi.it\/website\/wp-content\/uploads\/2023\/04\/acqua-rubinetto-3-2-420x252-1.jpg","author_info":{"display_name":"red.me","author_link":"https:\/\/www.messinaoggi.it\/website\/author\/red-me\/"},"digistream_id":0,"digistream":false,"_links":{"self":[{"href":"https:\/\/www.messinaoggi.it\/website\/wp-json\/wp\/v2\/posts\/237425"}],"collection":[{"href":"https:\/\/www.messinaoggi.it\/website\/wp-json\/wp\/v2\/posts"}],"about":[{"href":"https:\/\/www.messinaoggi.it\/website\/wp-json\/wp\/v2\/types\/post"}],"author":[{"embeddable":true,"href":"https:\/\/www.messinaoggi.it\/website\/wp-json\/wp\/v2\/users\/15"}],"replies":[{"embeddable":true,"href":"https:\/\/www.messinaoggi.it\/website\/wp-json\/wp\/v2\/comments?post=237425"}],"version-history":[{"count":6,"href":"https:\/\/www.messinaoggi.it\/website\/wp-json\/wp\/v2\/posts\/237425\/revisions"}],"predecessor-version":[{"id":237431,"href":"https:\/\/www.messinaoggi.it\/website\/wp-json\/wp\/v2\/posts\/237425\/revisions\/237431"}],"wp:featuredmedia":[{"embeddable":true,"href":"https:\/\/www.messinaoggi.it\/website\/wp-json\/wp\/v2\/media\/152421"}],"wp:attachment":[{"href":"https:\/\/www.messinaoggi.it\/website\/wp-json\/wp\/v2\/media?parent=237425"}],"wp:term":[{"taxonomy":"category","embeddable":true,"href":"https:\/\/www.messinaoggi.it\/website\/wp-json\/wp\/v2\/categories?post=237425"},{"taxonomy":"post_tag","embeddable":true,"href":"https:\/\/www.messinaoggi.it\/website\/wp-json\/wp\/v2\/tags?post=237425"}],"curies":[{"name":"wp","href":"https:\/\/api.w.org\/{rel}","templated":true}]}}