{"id":237093,"date":"2025-04-25T12:08:30","date_gmt":"2025-04-25T10:08:30","guid":{"rendered":"https:\/\/www.messinaoggi.it\/website\/2025\/04\/25\/papa-francesco-gia-oltre-128mila-fedeli-per-lultimo-saluto\/"},"modified":"2025-04-25T12:08:30","modified_gmt":"2025-04-25T10:08:30","slug":"papa-francesco-gia-oltre-128mila-fedeli-per-lultimo-saluto","status":"publish","type":"post","link":"https:\/\/www.messinaoggi.it\/website\/2025\/04\/25\/papa-francesco-gia-oltre-128mila-fedeli-per-lultimo-saluto\/","title":{"rendered":"Papa Francesco, gi\u00e0 oltre 128mila fedeli per l\u2019ultimo saluto"},"content":{"rendered":"<div>ROMA (ITALPRESS) &#8211; Riaperta questa mattina alle 7 la Basilica di San Pietro per dare la possibilit\u00e0 ai fedeli di dare l&#8217;ultimo saluto a papa Francesco. Gi\u00e0 prima dell&#8217;apertura migliaia di persone si erano messe in coda. L&#8217;afflusso \u00e8 durato tutta la notte, oltre la mezzanotte che era stata programmata, con una breve chiusura per dare la possibilit\u00e0 agli addetti di sistemare la Basilica, con l&#8217;apertura anticipata alle 5.45. Oggi San Pietro sar\u00e0 aperta fino alle 19.00, dopo di che si svolger\u00e0 il rito per la chiusura della bara del Pontefice. Domani alle 10.00 i funerali solenni in Piazza San Pietro, quindi la traslazione lungo le vie di Roma fino alla Basilica di Santa Maria Maggiore, dove avverr\u00e0 la tumulazione. Intanto questa mattina alle 9 \u00e8 in programma la quarta congregazione dei cardinali. Secondo i dati provvisori, sono stati oltre 128mila i fedeli che si sono recati per l&#8217;omaggio a Papa Francesco dall&#8217;apertura fino a oggi.<br \/>(ITALPRESS).<br \/>-Foto: Ipa Agency-<\/div>\n<div id=\"div-gpt-ad-Messinaoggi.it-DSK-300x250-corpoart\" style=\"text-align:center;margin:0 auto;\"><\/div><\/p><div id=\"videoincontent\" style=\"clear:both\";><\/div>","protected":false},"excerpt":{"rendered":"<p>ROMA (ITALPRESS) &#8211; Riaperta questa mattina alle 7 la Basilica di San Pietro per dare la possibilit\u00e0 ai fedeli di dare l&#8217;ultimo saluto a papa Francesco. Gi\u00e0 prima dell&#8217;apertura migliaia di persone si erano messe in coda. L&#8217;afflusso \u00e8 durato tutta la notte, oltre la mezzanotte che era stata programmata, con una breve chiusura per [&hellip;]<\/p>\n","protected":false},"author":18,"featured_media":237094,"comment_status":"closed","ping_status":"closed","sticky":false,"template":"","format":"standard","meta":{"ub_ctt_via":"","_mi_skip_tracking":false},"categories":[446],"tags":[783],"featured_image_src":"https:\/\/www.messinaoggi.it\/website\/wp-content\/uploads\/2025\/04\/20250425_0120.jpg","author_info":{"display_name":"Admin","author_link":"https:\/\/www.messinaoggi.it\/website\/author\/admin\/"},"digistream_id":0,"digistream":false,"_links":{"self":[{"href":"https:\/\/www.messinaoggi.it\/website\/wp-json\/wp\/v2\/posts\/237093"}],"collection":[{"href":"https:\/\/www.messinaoggi.it\/website\/wp-json\/wp\/v2\/posts"}],"about":[{"href":"https:\/\/www.messinaoggi.it\/website\/wp-json\/wp\/v2\/types\/post"}],"author":[{"embeddable":true,"href":"https:\/\/www.messinaoggi.it\/website\/wp-json\/wp\/v2\/users\/18"}],"replies":[{"embeddable":true,"href":"https:\/\/www.messinaoggi.it\/website\/wp-json\/wp\/v2\/comments?post=237093"}],"version-history":[{"count":0,"href":"https:\/\/www.messinaoggi.it\/website\/wp-json\/wp\/v2\/posts\/237093\/revisions"}],"wp:featuredmedia":[{"embeddable":true,"href":"https:\/\/www.messinaoggi.it\/website\/wp-json\/wp\/v2\/media\/237094"}],"wp:attachment":[{"href":"https:\/\/www.messinaoggi.it\/website\/wp-json\/wp\/v2\/media?parent=237093"}],"wp:term":[{"taxonomy":"category","embeddable":true,"href":"https:\/\/www.messinaoggi.it\/website\/wp-json\/wp\/v2\/categories?post=237093"},{"taxonomy":"post_tag","embeddable":true,"href":"https:\/\/www.messinaoggi.it\/website\/wp-json\/wp\/v2\/tags?post=237093"}],"curies":[{"name":"wp","href":"https:\/\/api.w.org\/{rel}","templated":true}]}}