{"id":237013,"date":"2025-04-24T16:08:42","date_gmt":"2025-04-24T14:08:42","guid":{"rendered":"https:\/\/www.messinaoggi.it\/website\/2025\/04\/24\/dfp-renzi-senza-pnrr-crescita-con-segno-meno\/"},"modified":"2025-04-24T16:08:42","modified_gmt":"2025-04-24T14:08:42","slug":"dfp-renzi-senza-pnrr-crescita-con-segno-meno","status":"publish","type":"post","link":"https:\/\/www.messinaoggi.it\/website\/2025\/04\/24\/dfp-renzi-senza-pnrr-crescita-con-segno-meno\/","title":{"rendered":"Dfp, Renzi \u201cSenza Pnrr crescita con segno meno\u201d"},"content":{"rendered":"<div>ROMA (ITALPRESS) &#8211; <em>&#8220;Questo documento dimostra che l&#8217;Italia agli occhi del governo e della maggioranza \u00e8 totalmente diversa dalla realt\u00e0: state dicendo che c&#8217;\u00e8 una crescita straordinaria, la Spagna cresce quattro volte di pi\u00f9, non riusciamo ad aumentare gli stipendi ma dimezziamo le dimensioni della crescita, il debito pubblico cresce rispetto al Pil, cresce la pressione fiscale&#8221;<\/em>. Lo ha detto il leader e senatore di Italia Viva, Matteo <strong>Renzi,<\/strong> nel corso della discussione generale sul <strong>Dfp<\/strong> in <strong>Senato.<\/strong><em> &#8220;Nessuno evidenzia che la vostra crescita allo 0,6%, stimata allo 0,4 dal Fondo monetario, \u00e8 comunque aiutata dal Pnrr&#8221;<\/em> ha aggiunto <em>&#8220;se non ci fosse il Pnrr saremmo in territorio negativo da quel d\u00ec. Il dramma \u00e8 che da 25 mesi la produzione industriale \u00e8 in terreno negativo&#8221;.<\/em><div id=\"div-gpt-ad-Messinaoggi.it-DSK-300x250-corpoart\" style=\"text-align:center;margin:0 auto;\"><\/div><\/p>\n<p>-foto Ipa Agency &#8211;<div id=\"videoincontent\" style=\"clear:both\";><\/div><\/p>\n<p>(ITALPRESS).<\/p><\/div>\n","protected":false},"excerpt":{"rendered":"<p>ROMA (ITALPRESS) &#8211; &#8220;Questo documento dimostra che l&#8217;Italia agli occhi del governo e della maggioranza \u00e8 totalmente diversa dalla realt\u00e0: state dicendo che c&#8217;\u00e8 una crescita straordinaria, la Spagna cresce quattro volte di pi\u00f9, non riusciamo ad aumentare gli stipendi ma dimezziamo le dimensioni della crescita, il debito pubblico cresce rispetto al Pil, cresce la [&hellip;]<\/p>\n","protected":false},"author":18,"featured_media":237014,"comment_status":"closed","ping_status":"closed","sticky":false,"template":"","format":"standard","meta":{"ub_ctt_via":"","_mi_skip_tracking":false},"categories":[446],"tags":[783],"featured_image_src":"https:\/\/www.messinaoggi.it\/website\/wp-content\/uploads\/2025\/04\/20250424_0586.jpg","author_info":{"display_name":"Admin","author_link":"https:\/\/www.messinaoggi.it\/website\/author\/admin\/"},"digistream_id":0,"digistream":false,"_links":{"self":[{"href":"https:\/\/www.messinaoggi.it\/website\/wp-json\/wp\/v2\/posts\/237013"}],"collection":[{"href":"https:\/\/www.messinaoggi.it\/website\/wp-json\/wp\/v2\/posts"}],"about":[{"href":"https:\/\/www.messinaoggi.it\/website\/wp-json\/wp\/v2\/types\/post"}],"author":[{"embeddable":true,"href":"https:\/\/www.messinaoggi.it\/website\/wp-json\/wp\/v2\/users\/18"}],"replies":[{"embeddable":true,"href":"https:\/\/www.messinaoggi.it\/website\/wp-json\/wp\/v2\/comments?post=237013"}],"version-history":[{"count":0,"href":"https:\/\/www.messinaoggi.it\/website\/wp-json\/wp\/v2\/posts\/237013\/revisions"}],"wp:featuredmedia":[{"embeddable":true,"href":"https:\/\/www.messinaoggi.it\/website\/wp-json\/wp\/v2\/media\/237014"}],"wp:attachment":[{"href":"https:\/\/www.messinaoggi.it\/website\/wp-json\/wp\/v2\/media?parent=237013"}],"wp:term":[{"taxonomy":"category","embeddable":true,"href":"https:\/\/www.messinaoggi.it\/website\/wp-json\/wp\/v2\/categories?post=237013"},{"taxonomy":"post_tag","embeddable":true,"href":"https:\/\/www.messinaoggi.it\/website\/wp-json\/wp\/v2\/tags?post=237013"}],"curies":[{"name":"wp","href":"https:\/\/api.w.org\/{rel}","templated":true}]}}