{"id":23701,"date":"2018-08-28T12:16:41","date_gmt":"2018-08-28T10:16:41","guid":{"rendered":"http:\/\/www.messinaoggi.it\/website\/?p=23701"},"modified":"2018-08-28T12:16:41","modified_gmt":"2018-08-28T10:16:41","slug":"de-luca-denuncia-lassenza-di-impianti-per-ricaricare-bus-elettrici-i-sindacati-lo-smentiscono","status":"publish","type":"post","link":"https:\/\/www.messinaoggi.it\/website\/2018\/08\/28\/de-luca-denuncia-lassenza-di-impianti-per-ricaricare-bus-elettrici-i-sindacati-lo-smentiscono\/","title":{"rendered":"De Luca denuncia l&#039;assenza di impianti per ricaricare bus elettrici. I sindacati lo smentiscono"},"content":{"rendered":"<p style=\"text-align: justify\">\u201c<span style=\"font-family: Arial, sans-serif\">Arrivano 16 autobus elettrici ma non \u00e8 stata prevista la colonnina per caricarli e ricaricarli!\u201d, cos\u00ec il sindaco Cateno De Luca in un post su Facebook pubblicato ieri, annunciando dunque l&#8217;arrivo degli autobus elettrici voluti dalla precedente amministrazione, la quale\u00a0avrebbe per\u00f2 dimenticato di realizzare l&#8217;impianto di alimentazione necessario per poterli ricaricare: &#8220;<\/span><span style=\"color: #000000\"><span style=\"font-family: Arial, sans-serif\"><span style=\"font-size: medium\">Per realizzare l\u2019impianto di alimentazione a norma e sufficiente anche alle future esigenze &#8211; spiega poi De Luca &#8211; ci vogliono circa 800 mila euro&#8221;.\u00a0\u00a0<\/span><\/span><\/span><span style=\"font-family: Arial, sans-serif\">Il condizionale \u00e8 per\u00f2 d&#8217;obbligo: i sindacati dei trasporti \u2013 Filt-Cgil, Fiti-Cisl e Uiltrasporti \u2013 hanno smentito per filo e per segno le affermazioni del primo cittadino.<\/span><div id=\"div-gpt-ad-Messinaoggi.it-DSK-300x250-corpoart\" style=\"text-align:center;margin:0 auto;\"><\/div><\/p>\n<p style=\"text-align: justify\"><span style=\"font-family: Arial, sans-serif\"><strong>&#8220;16 non \u00e8 il numero dei bus elettrici, ma delle colonnine per ricaricarli&#8221;.<\/strong> Numerosi gli errori messi in evidenza dalle tre sigle sindacali, tra i quali quello che salta subito all&#8217;occhio \u00e8 l&#8217;affermazione del sindaco circa la mancata realizzazione delle colonnine necessarie per ricaricare gli autobus elettrici. Il primo cittadino sembrerebbe infatti essere incappato in uno scivolone: 16 non sono i bus elettrici, quanto piuttosto le fantomatiche colonnine: &#8220;Innanzitutto, &#8211; si legge nella nota &#8211; i bus elettrici acquistati sono 13 e non 16. Invece 16 sono le colonnine elettriche da installare per la ricarica dei bus&#8221;. <\/span><div id=\"videoincontent\" style=\"clear:both\";><\/div><\/p>\n<p style=\"text-align: justify\"><span style=\"font-family: Arial, sans-serif\">&#8220;Poi ulteriore confusione sugli 800 mila euro che servirebbero per queste colonnine: questa somma si riferisce alla progettazione tecnica ed esecutiva per la realizzazione di una <strong>cabina elettrica necessaria a fornire elettricit\u00e0 alle colonnine<\/strong>, che sar\u00e0 installata nel deposito di Maregrosso. Un progetto gi\u00e0 affidato dalla vecchia governance Atm nello scorso mese di luglio.<\/span><\/p>\n<p style=\"text-align: justify\"><span style=\"color: #000000\"><span style=\"font-family: Arial, sans-serif\">&#8220;<\/span><\/span><span style=\"color: #000000\"><span style=\"font-family: Arial, sans-serif\">Altro errore: per i bus elettrici non sono stati spesi 8 milioni di euro. Il finanziamento Pon Metro 2014-2020 impiegato per l\u2019acquisto di nuovi bus \u00e8 stato cos\u00ec ripartito: 5.189.000 euro per i 13 autobus elettrici e 1.260.000 euro per la fornitura di 7 autobus lunghi gasolio Euro VI Classe II.<\/span><\/span><\/p>\n<div id=\"attachment_23702\" style=\"width: 310px\" class=\"wp-caption alignnone\"><img aria-describedby=\"caption-attachment-23702\" loading=\"lazy\" class=\"size-medium wp-image-23702\" src=\"http:\/\/www.messinaoggi.it\/website\/wp-content\/uploads\/2018\/08\/Determina-dirigenziale-appalto-300x37.png\" alt=\"\" width=\"300\" height=\"37\" \/><p id=\"caption-attachment-23702\" class=\"wp-caption-text\"><span style=\"color: #000000\"><span style=\"font-family: Arial, sans-serif\">Estratto della determinazione dirigenziale<\/span><\/span><\/p><\/div>\n<p style=\"text-align: justify\"><span style=\"color: #000000\"><span style=\"font-family: Arial, sans-serif\">&#8220;Fatte queste doverose premesse, andiamo a leggere schema del bando di gara, capitolato tecnico e determinazione dirigenziale con cui si dava il via alla procedura: in tutti gli atti che riguardano l\u2019acquisto dei 13 bus elettrici si prevede anche la realizzazione di due stazioni di ricarica per i bus.<\/span><\/span><\/p>\n<div id=\"attachment_23703\" style=\"width: 310px\" class=\"wp-caption alignnone\"><img aria-describedby=\"caption-attachment-23703\" loading=\"lazy\" class=\"size-medium wp-image-23703\" src=\"http:\/\/www.messinaoggi.it\/website\/wp-content\/uploads\/2018\/08\/Schema-bando-di-gara-300x81.png\" alt=\"\" width=\"300\" height=\"81\" \/><p id=\"caption-attachment-23703\" class=\"wp-caption-text\"><span style=\"color: #000000\"><span style=\"font-family: Arial, sans-serif\">Estratto dello schema del bando di gara<\/span><\/span><\/p><\/div>\n<p style=\"text-align: justify\"><span style=\"font-family: Arial, sans-serif\">&#8220;Dunque perch\u00e9 il sindaco parla di 16 bus in arrivo e colonnine dimenticate? Se non sono menzogne allora qualcuno non legge le carte, e anche in questo caso la situazione poco ci rassicura, specialmente se con la stessa perizia si leggono i bilanci e si tagliano i servizi, mandando a casa decine di lavoratori come accaduto poche settimane fa. Nelle esternazioni del sindaco ci sono errori evidenti su costi e numeri del bando che non fanno certo onore ad un amministratore attento qual \u00e8 il nostro primo cittadino.<\/span><\/p>\n<p style=\"text-align: justify\"><span style=\"font-family: Arial, sans-serif\">&#8220;Signor sindaco se la sua strategia serve unicamente a distruggere quanto fatto, anche di buono, dalla precedente amministrazione onestamente ci sembra un&#8217;assurdit\u00e0 e la avvisiamo che la campagna elettorale \u00e8 finita e adesso \u00e8 il momento di amministrare, ma probabilmente la strategia serve a nascondere i primi passi falsi della nuova gestione che gi\u00e0 in un mese ha fatto drastici tagli ai servizi, esternalizzazioni ed errori di valutazione grossolani isolando interi villaggi&#8221;. <\/span><\/p>\n<p style=\"text-align: right\"><strong><span style=\"font-family: Arial, sans-serif\">Paolo Mustica<\/span><\/strong><\/p>\n","protected":false},"excerpt":{"rendered":"<p>\u201cArrivano 16 autobus elettrici ma non \u00e8 stata prevista la colonnina per caricarli e ricaricarli!\u201d, cos\u00ec il sindaco Cateno De Luca in un post su Facebook pubblicato ieri, annunciando dunque l&#8217;arrivo degli autobus elettrici voluti dalla precedente amministrazione, la quale\u00a0avrebbe per\u00f2 dimenticato di realizzare l&#8217;impianto di alimentazione necessario per poterli ricaricare: &#8220;Per realizzare l\u2019impianto di [&hellip;]<\/p>\n","protected":false},"author":8,"featured_media":23703,"comment_status":"closed","ping_status":"open","sticky":false,"template":"","format":"standard","meta":{"ub_ctt_via":"","_mi_skip_tracking":false},"categories":[6],"tags":[],"featured_image_src":"https:\/\/www.messinaoggi.it\/website\/wp-content\/uploads\/2018\/08\/Schema-bando-di-gara-1.png","author_info":{"display_name":"red..me","author_link":"https:\/\/www.messinaoggi.it\/website\/author\/redstage\/"},"digistream_id":0,"digistream":false,"_links":{"self":[{"href":"https:\/\/www.messinaoggi.it\/website\/wp-json\/wp\/v2\/posts\/23701"}],"collection":[{"href":"https:\/\/www.messinaoggi.it\/website\/wp-json\/wp\/v2\/posts"}],"about":[{"href":"https:\/\/www.messinaoggi.it\/website\/wp-json\/wp\/v2\/types\/post"}],"author":[{"embeddable":true,"href":"https:\/\/www.messinaoggi.it\/website\/wp-json\/wp\/v2\/users\/8"}],"replies":[{"embeddable":true,"href":"https:\/\/www.messinaoggi.it\/website\/wp-json\/wp\/v2\/comments?post=23701"}],"version-history":[{"count":0,"href":"https:\/\/www.messinaoggi.it\/website\/wp-json\/wp\/v2\/posts\/23701\/revisions"}],"wp:featuredmedia":[{"embeddable":true,"href":"https:\/\/www.messinaoggi.it\/website\/wp-json\/wp\/v2\/media\/23703"}],"wp:attachment":[{"href":"https:\/\/www.messinaoggi.it\/website\/wp-json\/wp\/v2\/media?parent=23701"}],"wp:term":[{"taxonomy":"category","embeddable":true,"href":"https:\/\/www.messinaoggi.it\/website\/wp-json\/wp\/v2\/categories?post=23701"},{"taxonomy":"post_tag","embeddable":true,"href":"https:\/\/www.messinaoggi.it\/website\/wp-json\/wp\/v2\/tags?post=23701"}],"curies":[{"name":"wp","href":"https:\/\/api.w.org\/{rel}","templated":true}]}}