{"id":236479,"date":"2025-04-18T11:45:46","date_gmt":"2025-04-18T09:45:46","guid":{"rendered":"http:\/\/www.messinaoggi.it\/website\/?p=236479"},"modified":"2025-04-18T11:46:01","modified_gmt":"2025-04-18T09:46:01","slug":"oggi-le-barette-pronta-la-tradizionale-processione-del-venerdi-santo","status":"publish","type":"post","link":"https:\/\/www.messinaoggi.it\/website\/2025\/04\/18\/oggi-le-barette-pronta-la-tradizionale-processione-del-venerdi-santo\/","title":{"rendered":"Oggi le Barette: pronta la tradizionale processione del Venerd\u00ec Santo"},"content":{"rendered":"\n<p>Si rinnova oggi uno degli appuntamenti pi\u00f9 sentiti della Settimana Santa messinese: la tradizionale Processione delle Barette. Un evento religioso e popolare che ogni anno raccoglie attorno a s\u00e9 migliaia di cittadini, turisti e devoti, trasformando le vie del centro in un palcoscenico di fede, arte e memoria collettiva.<div id=\"div-gpt-ad-Messinaoggi.it-DSK-300x250-corpoart\" style=\"text-align:center;margin:0 auto;\"><\/div><\/p>\n\n\n\n<p>La processione prender\u00e0 il via alle ore 18:00 dalla chiesa del Nuovo Oratorio della Pace, in via XXIV Maggio, per snodarsi lungo un percorso che toccher\u00e0 le principali arterie del centro cittadino \u2013 via Sant\u2019Agostino, corso Cavour, via Tommaso Cannizzaro, via Garibaldi e via I Settembre \u2013 per concludersi in piazza Duomo. Qui, l\u2019arcivescovo impartir\u00e0 la benedizione solenne prima del ritorno del corteo lungo la tradizionale &#8220;nchianata di via Oratorio San Francesco&#8221;.<div id=\"videoincontent\" style=\"clear:both\";><\/div><\/p>\n\n\n\n<p>Le protagoniste della processione sono undici Barette, ossia gruppi statuari che rappresentano le scene pi\u00f9 significative della Passione di Cristo, dall&#8217;\u201cUltima Cena\u201d al \u201cCristo Morto\u201d. Queste opere, realizzate in legno e cartapesta, saranno portate a spalla da circa 250 portatori, che quest\u2019anno indosseranno per la prima volta una casacca rossa, simbolo della Passione e segno distintivo di un rinnovamento nella tradizione.<\/p>\n\n\n\n<p>Il corteo sar\u00e0 accompagnato dalle bande musicali e dalle caratteristiche figure storiche: le \u201cMaddalene\u201d, i \u201cBabbaluci\u201d, le \u201cBiancuzze\u201d e i \u201cTamburini\u201d, che aggiungeranno un tocco di folklore e teatralit\u00e0 alla cerimonia, nel rispetto di una tradizione che affonda le sue radici nel XVIII secolo.<\/p>\n\n\n\n<p>Le autorit\u00e0 cittadine invitano alla partecipazione ordinata, nel rispetto del carattere religioso della manifestazione e delle disposizioni di sicurezza. La Processione delle Barette non \u00e8 solo un rito liturgico: \u00e8 anche un forte richiamo identitario per Messina, un momento in cui la citt\u00e0 si ritrova unita nel raccoglimento, nel ricordo e nella speranza.<\/p>\n","protected":false},"excerpt":{"rendered":"<p>Si rinnova oggi uno degli appuntamenti pi\u00f9 sentiti della Settimana Santa messinese: la tradizionale Processione delle Barette. Un evento religioso e popolare che ogni anno raccoglie attorno a s\u00e9 migliaia di cittadini, turisti e devoti, trasformando le vie del centro in un palcoscenico di fede, arte e memoria collettiva. La processione prender\u00e0 il via alle [&hellip;]<\/p>\n","protected":false},"author":15,"featured_media":31808,"comment_status":"open","ping_status":"open","sticky":false,"template":"","format":"standard","meta":{"ub_ctt_via":"","_mi_skip_tracking":false},"categories":[5,16,6],"tags":[7164,1182,7365,11445],"featured_image_src":"https:\/\/www.messinaoggi.it\/website\/wp-content\/uploads\/2019\/04\/Barette-riti-della-pasqua.jpg","author_info":{"display_name":"red.me","author_link":"https:\/\/www.messinaoggi.it\/website\/author\/red-me\/"},"digistream_id":0,"digistream":false,"_links":{"self":[{"href":"https:\/\/www.messinaoggi.it\/website\/wp-json\/wp\/v2\/posts\/236479"}],"collection":[{"href":"https:\/\/www.messinaoggi.it\/website\/wp-json\/wp\/v2\/posts"}],"about":[{"href":"https:\/\/www.messinaoggi.it\/website\/wp-json\/wp\/v2\/types\/post"}],"author":[{"embeddable":true,"href":"https:\/\/www.messinaoggi.it\/website\/wp-json\/wp\/v2\/users\/15"}],"replies":[{"embeddable":true,"href":"https:\/\/www.messinaoggi.it\/website\/wp-json\/wp\/v2\/comments?post=236479"}],"version-history":[{"count":4,"href":"https:\/\/www.messinaoggi.it\/website\/wp-json\/wp\/v2\/posts\/236479\/revisions"}],"predecessor-version":[{"id":236483,"href":"https:\/\/www.messinaoggi.it\/website\/wp-json\/wp\/v2\/posts\/236479\/revisions\/236483"}],"wp:featuredmedia":[{"embeddable":true,"href":"https:\/\/www.messinaoggi.it\/website\/wp-json\/wp\/v2\/media\/31808"}],"wp:attachment":[{"href":"https:\/\/www.messinaoggi.it\/website\/wp-json\/wp\/v2\/media?parent=236479"}],"wp:term":[{"taxonomy":"category","embeddable":true,"href":"https:\/\/www.messinaoggi.it\/website\/wp-json\/wp\/v2\/categories?post=236479"},{"taxonomy":"post_tag","embeddable":true,"href":"https:\/\/www.messinaoggi.it\/website\/wp-json\/wp\/v2\/tags?post=236479"}],"curies":[{"name":"wp","href":"https:\/\/api.w.org\/{rel}","templated":true}]}}