{"id":23642,"date":"2018-08-27T10:22:23","date_gmt":"2018-08-27T08:22:23","guid":{"rendered":"http:\/\/www.messinaoggi.it\/website\/?p=23642"},"modified":"2018-08-27T10:22:23","modified_gmt":"2018-08-27T08:22:23","slug":"vittorio-lorenzo-tumeo-riparte-dai-giovani-il-futuro-di-messina","status":"publish","type":"post","link":"https:\/\/www.messinaoggi.it\/website\/2018\/08\/27\/vittorio-lorenzo-tumeo-riparte-dai-giovani-il-futuro-di-messina\/","title":{"rendered":"Vittorio Lorenzo Tumeo &quot;Riparte dai giovani il futuro di Messina&quot;"},"content":{"rendered":"<p>Lo scorso 21 agosto, nell\u2019ambito della manifestazione-expo organizzata dall\u2019Associazione \u201cFieri di Essere\u201d, rappresentata dal giovane Antonio Ramires, che ha avuto luogo nella Fiera Campionaria di Messina, si \u00e8 svolta la conferenza\/dibattito riguardante il tema <em>I giovani a Messina: prospettive a confronto<\/em>. All\u2019incontro, moderato dal giovane Vittorio Lorenzo Tumeo, noto alle cronache locali per essere stato il pi\u00f9 giovane scrittore italiano, sono intervenuti altri due giovani messinesi, Albert Finocchiaro e Alberto Arbuse, gi\u00e0 rappresentanti, rispettivamente, dei Licei Archimede e Maurolico presso la Consulta Provinciale degli Studenti. Attivamente \u00a0impegnati in politica, insieme hanno discusso sulle tematiche riguardanti il territorio messinese, puntando l\u2019attenzione sul futuro.<br \/>\nVittorio Tumeo, nell\u2019introdurre i lavori del convegno ha affermato che: \u201cpositivit\u00e0 deve essere la parola chiave per guardare al futuro di Messina, ma questo sentimento, che pu\u00f2 partire da ogni messinese, risiede soprattutto nei giovani, che hanno ancora un fresco entusiasmo e sono pieni di sogni; agli adulti, che forniscono una valutazione empirica, il compito di aiutare noi giovani mettendo a disposizione il loro bagaglio di esperienze, sulla scorta delle quali \u00e8 possibile, se si vuole, corroborare il sogno e il grande progetto di rinascita per la citt\u00e0 dello Stretto\u201d. Sia Finocchiaro che Arbuse hanno arricchito di spunti il dibattito commentando la propria attivit\u00e0 in consulta e sensibilizzando l\u2019uditorio sulle necessit\u00e0 e le carenze che il sistema scolastico presenta.<br \/>\nSi \u00e8 parlato di temi molto attuali, come l\u2019alternanza scuola-lavoro, l\u2019urgenza di una legge regionale per il diritto allo studio applicabile ed efficace. Alla fase prettamente relativa alla conferenza \u00e8 seguita una fase dibattimentale in cui i due ospiti si sono confrontati in un acceso e coinvolgente botta-risposta su temi anche strettamente legati al territorio: si \u00e8 parlato anche della questione relativa alla riapertura delle scuole, verso cui il Sindaco Metropolitano manifesta perplessit\u00e0 in relazione alle notevoli carenze strutturali di alcuni istituti, che non possono essere di certo ignorate; al contempo l\u2019Assessore Regionale all\u2019Istruzione e Formazione Roberto Lagalla ha dichiarato che le lezioni partiranno nei tempi previsti dal protocollo. Una situazione delicata, nei confronti della quale i ragazzi non hanno preso una posizione radicale, consapevoli dei fattori di sicurezza imprescindibili ma anche della necessit\u00e0 di rispettare i tempi curriculari. Un evento costruttivo, ricco di spunti e di diversit\u00e0 d\u2019opinioni che hanno prodotto un vivace e lodevole confronto con formule risolutive felici. Tumeo e Arbuse saranno, per l\u2019Anno Accademico entrante, matricole del dipartimento di Giurisprudenza dell\u2019Universit\u00e0 degli Studi di Messina, Finocchiaro completer\u00e0 l\u2019ultimo anno di studi sempre all\u2019Archimede, non sottraendosi, come da lui stesso dichiarato alle prospettive elettorali studentesche per l\u2019anno scolastico che verr\u00e0, lasciando presagire anche un rinnovato impegno in Consulta Provinciale, dove ha gi\u00e0 ricoperto il ruolo di Responsabile della zona Messina citt\u00e0\/centro. Riparte dai giovani il futuro di Messina.<div id=\"div-gpt-ad-Messinaoggi.it-DSK-300x250-corpoart\" style=\"text-align:center;margin:0 auto;\"><\/div><\/p>\n<div id=\"videoincontent\" style=\"clear:both\";><\/div>","protected":false},"excerpt":{"rendered":"<p>Lo scorso 21 agosto, nell\u2019ambito della manifestazione-expo organizzata dall\u2019Associazione \u201cFieri di Essere\u201d, rappresentata dal giovane Antonio Ramires, che ha avuto luogo nella Fiera Campionaria di Messina, si \u00e8 svolta la conferenza\/dibattito riguardante il tema I giovani a Messina: prospettive a confronto. All\u2019incontro, moderato dal giovane Vittorio Lorenzo Tumeo, noto alle cronache locali per essere stato [&hellip;]<\/p>\n","protected":false},"author":5,"featured_media":23644,"comment_status":"closed","ping_status":"open","sticky":false,"template":"","format":"standard","meta":{"ub_ctt_via":"","_mi_skip_tracking":false},"categories":[16],"tags":[],"featured_image_src":"https:\/\/www.messinaoggi.it\/website\/wp-content\/uploads\/2018\/08\/FOTO-CONVEGNO-1-1.jpg","author_info":{"display_name":"Maria Antonella Saia","author_link":"https:\/\/www.messinaoggi.it\/website\/author\/m-saia\/"},"digistream_id":0,"digistream":false,"_links":{"self":[{"href":"https:\/\/www.messinaoggi.it\/website\/wp-json\/wp\/v2\/posts\/23642"}],"collection":[{"href":"https:\/\/www.messinaoggi.it\/website\/wp-json\/wp\/v2\/posts"}],"about":[{"href":"https:\/\/www.messinaoggi.it\/website\/wp-json\/wp\/v2\/types\/post"}],"author":[{"embeddable":true,"href":"https:\/\/www.messinaoggi.it\/website\/wp-json\/wp\/v2\/users\/5"}],"replies":[{"embeddable":true,"href":"https:\/\/www.messinaoggi.it\/website\/wp-json\/wp\/v2\/comments?post=23642"}],"version-history":[{"count":0,"href":"https:\/\/www.messinaoggi.it\/website\/wp-json\/wp\/v2\/posts\/23642\/revisions"}],"wp:featuredmedia":[{"embeddable":true,"href":"https:\/\/www.messinaoggi.it\/website\/wp-json\/wp\/v2\/media\/23644"}],"wp:attachment":[{"href":"https:\/\/www.messinaoggi.it\/website\/wp-json\/wp\/v2\/media?parent=23642"}],"wp:term":[{"taxonomy":"category","embeddable":true,"href":"https:\/\/www.messinaoggi.it\/website\/wp-json\/wp\/v2\/categories?post=23642"},{"taxonomy":"post_tag","embeddable":true,"href":"https:\/\/www.messinaoggi.it\/website\/wp-json\/wp\/v2\/tags?post=23642"}],"curies":[{"name":"wp","href":"https:\/\/api.w.org\/{rel}","templated":true}]}}